{"id":58777,"date":"2022-12-27T12:16:00","date_gmt":"2022-12-27T15:16:00","guid":{"rendered":"http:\/\/informeformosa.com.ar\/?p=58777"},"modified":"2022-12-28T00:17:11","modified_gmt":"2022-12-28T03:17:11","slug":"juarez-insfran-habilito-nuevos-equipamientos-de-ultima-tecnologia-en-hospital-distrital","status":"publish","type":"post","link":"http:\/\/informeformosa.com.ar\/?p=58777","title":{"rendered":"<strong>Ju\u00e1rez: Insfr\u00e1n habilit\u00f3 nuevos equipamientos de \u00faltima tecnolog\u00eda en Hospital Distrital<\/strong>"},"content":{"rendered":"\n<p><em>En la ma\u00f1ana de este martes 27, el gobernador Gildo Insfr\u00e1n habilit\u00f3 la puesta en funcionamiento de dos nuevos equipamientos de alta tecnolog\u00eda para el Hospital Distrital \u201cEva Per\u00f3n\u201d de la localidad de Ingeniero Ju\u00e1rez.<\/em><\/p>\n\n\n\n<p>Se tratan del Tom\u00f3grafo Helicoidal y de un intensificador de imagen Arco en C, los cuales se incorporar\u00e1n al nosocomio con el objetivo de continuar mejorando la asistencia de salud de todo el Distrito Sanitario N\u00b0 1 que comprende los Departamentos Matacos, Bermejo y Ramon Lista.<\/p>\n\n\n\n<p>Durante la ceremonia, el primer mandatario provincial fue acompa\u00f1ado por el vicegobernador, el doctor Eber Sol\u00eds, el intendente local, Rafael Nacif, el jefe de Gabinete de Ministros, el doctor Antonio Ferreira, el ministro de Desarrollo Humano, el doctor An\u00edbal G\u00f3mez, y el director del Hospital Distrital Eva Per\u00f3n, el doctor Jos\u00e9 Fern\u00e1ndez.<\/p>\n\n\n\n<p>Adem\u00e1s de subsecretarios y responsables de organismos aut\u00e1rquicos, intendentes y presidentes de Comisiones de Fomento del interior provincial, personal de salud y comunidad en general.<\/p>\n\n\n\n<p>Cabe destacar que ambos equipamientos se encontrar\u00e1n interconectados a trav\u00e9s del Centro de Diagn\u00f3stico por Imagen del Hospital Interdistrital Evita, situado en la ciudad capital, lo que permitir\u00e1 que las im\u00e1genes que se emitan en plena cirug\u00eda puedan ser vistas en tiempo real por los m\u00e9dicos especialistas de dicho nosocomio.<\/p>\n\n\n\n<p>Al respecto, en testimonios recabados por <strong>AGENFOR,<\/strong> el ministro de Desarrollo Humano, el doctor G\u00f3mez, esboz\u00f3: \u201cEstamos cerrando un a\u00f1o de intensa actividad, pasada ya la Navidad y pr\u00f3ximos a A\u00f1o Nuevo, luego de intensos trabajos en este Hospital Distrital Eva Per\u00f3n del Distrito Sanitario N\u00b0 1\u201d.<\/p>\n\n\n\n<p>\u201cEstos trabajos incluyeron una remodelaci\u00f3n total de este nosocomio, dej\u00e1ndolo en \u00f3ptimas condiciones, que incluyeron el equipamiento tambi\u00e9n de todas las \u00e1reas de este hospital, como quir\u00f3fano, emergencias, sala de partos, inform\u00e1tica, entre otras\u201d, puso de relieve el funcionario.<\/p>\n\n\n\n<p>Del mismo modo, realz\u00f3 que se lo dot\u00f3 de recursos humanos, tanto m\u00e9dicos como t\u00e9cnicos, que \u201coptimizan el funcionamiento del nosocomio\u201d.<\/p>\n\n\n\n<p>Es as\u00ed que \u201cen esta jornada el principal tema que nos trae es la puesta en funcionamiento de dos equipos de \u00faltima tecnolog\u00eda: uno es el de tomograf\u00eda computada y el otro un equipo radiol\u00f3gico denominado Arco en C, que es de uso espec\u00edfico\u201d.<\/p>\n\n\n\n<p>\u201cAmbos son digitales y se caracterizan por tener im\u00e1genes de alta resoluci\u00f3n y calidad\u201d, acentu\u00f3 el ministro G\u00f3mez, marcando que, a su vez, permite la conexi\u00f3n a la red de fibra \u00f3ptica provincial.<\/p>\n\n\n\n<p>De manera que \u201clas im\u00e1genes que se toman con estos equipos en forma simult\u00e1nea se pueden estar observando en Formosa Capital, en el Hospital Interdistrital Evita, el Hospital de Alta Complejidad y si fuese necesario con cualquier parte del mundo se puede hacer esta conexi\u00f3n\u201d.<\/p>\n\n\n\n<p>\u201cEsto indica que la telesalud de la que tanto habl\u00e1bamos hace mucho tiempo hoy es una realidad en Ingeniero Ju\u00e1rez\u201d, signific\u00f3, apuntando que adem\u00e1s de la puesta en funcionamiento de dichos equipos se efectu\u00f3 la entrega en forma simb\u00f3lica de una caja de instrumental de traumatolog\u00eda que \u201cacompa\u00f1a al Arco en C que est\u00e1 en el quir\u00f3fano\u201d, con lo cual queda plasmado que no se trata de hechos aislados, sino de acciones planificadas \u201cpara que se pueda dar respuestas a las cuestiones de traumatolog\u00eda\u201d en el mismo lugar, evitando traslados, \u201ccon mejores diagn\u00f3sticos, tratamientos m\u00e1s cortos y de m\u00e1s r\u00e1pida recuperaci\u00f3n para los pacientes\u201d.<\/p>\n\n\n\n<p><strong>Profesionales<\/strong><\/p>\n\n\n\n<p>En otra l\u00ednea, la doctora Yuseima Medina, a cargo del Arco en C, realz\u00f3 a esta Agencia \u201cpoder contar con este equipamiento, ya que es de alta tecnolog\u00eda y permite observar im\u00e1genes radiol\u00f3gicas en tiempo real\u201d.<\/p>\n\n\n\n<p>\u201cEs un resonador que genera im\u00e1genes de alta resoluci\u00f3n, as\u00ed que vamos a realizar m\u00faltiples cirug\u00edas tanto de fracturas de f\u00e9mur, pelvis y antebrazo\u201d, agreg\u00f3.<\/p>\n\n\n\n<p>Adem\u00e1s, explic\u00f3 que \u201ccon \u00e9l se puede verificar el tipo de fractura que tiene el paciente y, una vez realizada la cirug\u00eda, observar el estado en el que se encuentra\u201d.<\/p>\n\n\n\n<p>En tanto, valor\u00f3 \u201cla capacitaci\u00f3n brindada\u201d, comentando que \u201cla estamos realizando en conjunto con todo el equipo m\u00e9dico en quir\u00fargico que trabaja en el hospital\u201d.<\/p>\n\n\n\n<p>En el mismo contexto, adelant\u00f3 que \u201ceste equipo es muy importante, porque permitir\u00e1 hacer cirug\u00edas m\u00ednimamente invasivas, es decir, los pacientes van a tener una mayor recuperaci\u00f3n y lo haremos de manera cerrada, ambulatoria con la probabilidad de poder darlos de alta en 24 horas\u201d.<\/p>\n\n\n\n<p>En otro orden, el jefe de Enfermer\u00eda del Hospital Distrital, \u00c1ngel Ortega, afirm\u00f3 que la comunidad sanitaria se \u201cencuentra muy contenta\u201d, porque \u201cla puesta en marcha de ambos equipos nos permitir\u00e1 tratar a los pacientes aqu\u00ed, evitando que sean derivados a Formosa\u201d.<\/p>\n\n\n\n<p>Respecto de las atenciones, especific\u00f3 que no solamente prestan servicios a pacientes del Distrito 1, sino tambi\u00e9n a personas de Chaco, Salta, Paraguay y hasta de Bolivia.<\/p>\n\n\n\n<p><strong>D\u00eda hist\u00f3rico<\/strong><\/p>\n\n\n\n<p>Al brindar su discurso, el director del Hospital Distrital Eva Per\u00f3n, cabecera del Distrito Sanitario N\u00b0 1, conformado por los Departamentos Bermejo, Matacos y Ram\u00f3n Lista, el doctor Jos\u00e9 Fern\u00e1ndez, resalt\u00f3 la importancia del nuevo equipamiento de \u00faltima generaci\u00f3n incorporado en dicho nosocomio.<\/p>\n\n\n\n<p>En ese sentido, con una enorme satisfacci\u00f3n, expres\u00f3 que \u201ces un d\u00eda hist\u00f3rico\u201d, ya que \u201ca partir de la decisi\u00f3n pol\u00edtica del gobernador Gildo Insfr\u00e1n de invertir en el sistema de salud de la provincia, hemos dado un paso muy importante lo que realmente me llena de orgullo\u201d.<\/p>\n\n\n\n<p>En cuanto al tom\u00f3grafo de \u00faltima generaci\u00f3n helicoidal, explic\u00f3 que \u00e9ste que tiene la particularidad de que incorpora un sintetizador de voces, el cual \u201ccomo ven\u00eda incorporado solamente en el idioma ingl\u00e9s y castellano, hemos dialogado con los t\u00e9cnicos en aplicaciones, que vinieron desde Brasil a capacitar a nuestros licenciados en bioim\u00e1genes, para tener tambi\u00e9n la posibilidad de incorporar el dialecto wich\u00ed y toba\u201d.<\/p>\n\n\n\n<p>As\u00ed entonces, \u201cel tom\u00f3grafo dar\u00e1 las indicaciones en el idioma del paciente\u201d que pertenece a \u201cuna comunidad pluri\u00e9tnica y multicultural\u201d.<\/p>\n\n\n\n<p>Acentu\u00f3 por eso mismo que \u201cesto es igualdad de oportunidades para cada uno de los formose\u00f1os viva donde viva\u201d.<\/p>\n\n\n\n<p>Y remarc\u00f3: \u201cEste es el camino correcto: el de estar al lado de la gente todos los d\u00edas para aportar nuestro granito de arena y mejorar la calidad de vida de cada uno de los pobladores del oeste formose\u00f1o\u201d.<\/p>\n\n\n\n<p>Por su parte, el intendente de Ingeniero Ju\u00e1rez, Rafael Nacif, marc\u00f3 el apoyo de la gesti\u00f3n provincial, materializada en numerosas obras concretadas y otras en marcha en esa comunidad del Departamento Matacos.<\/p>\n\n\n\n<p>\u201cSomos peronistas y eso supone una conciencia responsable y comprometida en la que los primeros y los \u00faltimos destinatarios de la gesti\u00f3n son los hombres y las mujeres formose\u00f1as, as\u00ed como nuestros hijos y nietos, tal como lo demuestra el gobernador Insfr\u00e1n\u201d, subray\u00f3, por \u00faltimo.<\/p>\n","protected":false},"excerpt":{"rendered":"<p>En la ma\u00f1ana de este martes 27, el gobernador Gildo Insfr\u00e1n habilit\u00f3 la puesta en funcionamiento de dos nuevos equipamientos de alta tecnolog\u00eda para el Hospital Distrital \u201cEva Per\u00f3n\u201d de la localidad de Ingeniero Ju\u00e1rez. Se tratan del Tom\u00f3grafo Helicoidal y de un intensificador de imagen Arco en C, los cuales se incorporar\u00e1n al nosocomio [&hellip;]<\/p>\n","protected":false},"author":11,"featured_media":58785,"comment_status":"closed","ping_status":"closed","sticky":false,"template":"","format":"standard","meta":{"footnotes":""},"categories":[11,1],"tags":[],"class_list":["post-58777","post","type-post","status-publish","format-standard","has-post-thumbnail","hentry","category-interior","category-sin-categoria"],"_links":{"self":[{"href":"http:\/\/informeformosa.com.ar\/index.php?rest_route=\/wp\/v2\/posts\/58777","targetHints":{"allow":["GET"]}}],"collection":[{"href":"http:\/\/informeformosa.com.ar\/index.php?rest_route=\/wp\/v2\/posts"}],"about":[{"href":"http:\/\/informeformosa.com.ar\/index.php?rest_route=\/wp\/v2\/types\/post"}],"author":[{"embeddable":true,"href":"http:\/\/informeformosa.com.ar\/index.php?rest_route=\/wp\/v2\/users\/11"}],"replies":[{"embeddable":true,"href":"http:\/\/informeformosa.com.ar\/index.php?rest_route=%2Fwp%2Fv2%2Fcomments&post=58777"}],"version-history":[{"count":1,"href":"http:\/\/informeformosa.com.ar\/index.php?rest_route=\/wp\/v2\/posts\/58777\/revisions"}],"predecessor-version":[{"id":58787,"href":"http:\/\/informeformosa.com.ar\/index.php?rest_route=\/wp\/v2\/posts\/58777\/revisions\/58787"}],"wp:featuredmedia":[{"embeddable":true,"href":"http:\/\/informeformosa.com.ar\/index.php?rest_route=\/wp\/v2\/media\/58785"}],"wp:attachment":[{"href":"http:\/\/informeformosa.com.ar\/index.php?rest_route=%2Fwp%2Fv2%2Fmedia&parent=58777"}],"wp:term":[{"taxonomy":"category","embeddable":true,"href":"http:\/\/informeformosa.com.ar\/index.php?rest_route=%2Fwp%2Fv2%2Fcategories&post=58777"},{"taxonomy":"post_tag","embeddable":true,"href":"http:\/\/informeformosa.com.ar\/index.php?rest_route=%2Fwp%2Fv2%2Ftags&post=58777"}],"curies":[{"name":"wp","href":"https:\/\/api.w.org\/{rel}","templated":true}]}}