{"id":58767,"date":"2022-12-23T19:10:00","date_gmt":"2022-12-23T22:10:00","guid":{"rendered":"http:\/\/informeformosa.com.ar\/?p=58767"},"modified":"2022-12-24T07:18:37","modified_gmt":"2022-12-24T10:18:37","slug":"se-realizo-la-tradicional-cantata-navidena-en-la-cruz-del-norte","status":"publish","type":"post","link":"http:\/\/informeformosa.com.ar\/?p=58767","title":{"rendered":"<strong>Se realiz\u00f3 la tradicional Cantata Navide\u00f1a en la Cruz del Norte<\/strong>"},"content":{"rendered":"\n<p>Este viernes 23 se realiz\u00f3 la tradicional \u201cCantata Navide\u00f1a\u201d, en la Cruz del Norte ubicada en el acceso sur de la ciudad capital, palpitando la Nochebuena en Formosa.&nbsp;<\/p>\n\n\n\n<p>Este espect\u00e1culo navide\u00f1o, organizado por el Gobierno de la Provincia de Formosa, a trav\u00e9s del Ministerio de Cultura y Educaci\u00f3n (MCyE), reuni\u00f3 un a\u00f1o m\u00e1s a la comunidad formose\u00f1a para recibir un mensaje de fe y esperanza en este tiempo tan importante en que la poblaci\u00f3n se prepara para un nuevo nacimiento del Ni\u00f1o Jes\u00fas.<\/p>\n\n\n\n<p>Estuvieron presentes en la Cantata, el ministro de Cultura y Educaci\u00f3n, Luis Eugenio Basterra; el subsecretario de Cultura, Jorge Santander; las diputadas provinciales del Frente de Todos (FdT) Beatriz Lotto y Otilia Morales; y la auditora General de la Naci\u00f3n, licenciada Graciela de la Rosa.&nbsp;<\/p>\n\n\n\n<p>Santander, fue el \u00fanico orador del acto y, al tomar la palabra, sostuvo que \u201cel Ni\u00f1o nace en nuestra tierra, en alg\u00fan rancho, en alguna casa, algunos de sus padrinos son paipperos, otros enfermeros, otros docentes, pero siempre nace en Formosa\u201d.<\/p>\n\n\n\n<p>\u201cRenace con \u00e9l la esperanza de este pueblo y por supuesto reverdece esa fe gigantesca que nos ha llevado de ser un pueblo olvidado, soslayado por el centralismo porte\u00f1o, a este pueblo que, gracias a su gran capacidad y su conductor visionario, tenemos un futuro brillante por delante\u201d, indic\u00f3.<\/p>\n\n\n\n<p>Asimismo, el funcionario record\u00f3 que, en los \u00faltimos d\u00edas, \u201crecibimos anuncios muy importantes que tambi\u00e9n queremos agradecer en esta celebraci\u00f3n\u201d.<\/p>\n\n\n\n<p>\u201cSum\u00e9monos a esta celebraci\u00f3n con todo el coraz\u00f3n como formose\u00f1os hijos de esta tierra o gente que vino a unir su destino con este pueblo y con el coraz\u00f3n dig\u00e1monos unos a otros: felices fiestas\u201d, expres\u00f3.<\/p>\n\n\n\n<p>Y agreg\u00f3: \u201cQue esta navidad sea el nacimiento del ni\u00f1o en nuestros corazones, que el pr\u00f3ximo a\u00f1o se sigan cumpliendo nuestros sue\u00f1os y todos los deseos de este pueblo porque se lo merece\u201d.<\/p>\n\n\n\n<p><strong>Villancicos<\/strong><\/p>\n\n\n\n<p>Las representaciones alusivas a las celebraciones de fin de a\u00f1o estuvieron a cargo, en primer lugar, del Coro Infanto Juvenil \u201cVilla del Carmen\u201d, que naci\u00f3 en junio del 2022 y est\u00e1 a cargo de la profesora de m\u00fasica Nadia Escobar.&nbsp;<\/p>\n\n\n\n<p>Cuenta con 27 ni\u00f1os y adolescentes, de entre 6 a 14 a\u00f1os y tiene como objetivo principal alentar al ni\u00f1o en una b\u00fasqueda de canto grupal aumentando la autoestima y la autoconfianza en uno mismo. Ellos ofrecieron al p\u00fablico presente dos villancicos \u201cHodu La&#8217;adonai\u201d en idioma hebreo y castellano y el siguiente fue \u201cY es navidad\u201d.&nbsp;<\/p>\n\n\n\n<p>Luego, fue el turno del Taller de Arpas \u201cFormar Arpegios\u201d junto a voces formose\u00f1as. Se trata del primer centro de formaci\u00f3n de arpistas de la provincia y uno de los pocos existentes en el pa\u00eds, coordinado por la Direcci\u00f3n de Acci\u00f3n Cultural, perteneciente a la Subsecretar\u00eda de Cultura.&nbsp;<\/p>\n\n\n\n<p>Inici\u00f3 sus actividades en enero de 2018 y actualmente cuenta con m\u00e1s de 100 estudiantes y 70 arpas, de los cuales 12 instrumentos pertenecen al Taller, que fueron donados por distintas personas e instituciones de la provincia y que son ejecutados por ni\u00f1os, adolescentes y adultos.<\/p>\n\n\n\n<p>Los arpistas interpretaron \u201cAs\u00ed es Formosa\u201d, \u201cLas luces de la avenida\u201d y \u201cChacarera del pesebre\u201d.&nbsp;&nbsp;<\/p>\n\n\n\n<p>Por \u00faltimo, el Coro Infanto Juvenil \u201cChiquita Milanese\u201d interpret\u00f3 canciones del material \u201cNavidad de un tiempo del Yasy\u201d.<\/p>\n\n\n\n<p>Recordaron que el Coro fue creado a principios del a\u00f1o 2008. Hizo su primera presentaci\u00f3n el 26 de junio de ese mismo a\u00f1o en el Teatro de la Ciudad bajo la direcci\u00f3n del profesor \u201cGogo\u201d Figueroa. Se le instituy\u00f3 el nombre de \u201cChiquita Milanese\u201d en reconocimiento a quien es la iniciadora del canto coral en la provincia.<\/p>\n\n\n\n<p>Desde entonces realiz\u00f3 innumerables presentaciones en la ciudad de Formosa y a lo largo del interior provincial, participando todos los a\u00f1os de la Cantata Navide\u00f1a.<\/p>\n\n\n\n<p>Est\u00e1 integrado por ni\u00f1os y j\u00f3venes de entre 6 y 19 a\u00f1os y desde el a\u00f1o 2012 es dirigido por la profesora Griselda Paredes, con la asistencia de las profesoras Marisol Otazo, Romina Barrionuevo y Domingo Figueroa.&nbsp;<\/p>\n\n\n\n<p><strong>Santa Misa<\/strong><\/p>\n\n\n\n<p>Al finalizar, en v\u00edsperas del nacimiento del Ni\u00f1o Jes\u00fas, se dio lugar a la celebraci\u00f3n de la Santa Misa, oficiada por el padre Luis Canes\u00edn, cura p\u00e1rroco de la comunidad de San Francisco, Claudio Galarza de la comunidad Virgen del Rosario y Edgardo Ortiz de Medalla Milagrosa, quienes fueron acompa\u00f1ados por el Coro Infanto Santa Clara de As\u00eds, dejando el mensaje de paz y amor para todos los hogares formose\u00f1os.<\/p>\n","protected":false},"excerpt":{"rendered":"<p>Este viernes 23 se realiz\u00f3 la tradicional \u201cCantata Navide\u00f1a\u201d, en la Cruz del Norte ubicada en el acceso sur de la ciudad capital, palpitando la Nochebuena en Formosa.&nbsp; Este espect\u00e1culo navide\u00f1o, organizado por el Gobierno de la Provincia de Formosa, a trav\u00e9s del Ministerio de Cultura y Educaci\u00f3n (MCyE), reuni\u00f3 un a\u00f1o m\u00e1s a la [&hellip;]<\/p>\n","protected":false},"author":11,"featured_media":58769,"comment_status":"closed","ping_status":"closed","sticky":false,"template":"","format":"standard","meta":{"footnotes":""},"categories":[2],"tags":[],"class_list":["post-58767","post","type-post","status-publish","format-standard","has-post-thumbnail","hentry","category-locales"],"_links":{"self":[{"href":"http:\/\/informeformosa.com.ar\/index.php?rest_route=\/wp\/v2\/posts\/58767","targetHints":{"allow":["GET"]}}],"collection":[{"href":"http:\/\/informeformosa.com.ar\/index.php?rest_route=\/wp\/v2\/posts"}],"about":[{"href":"http:\/\/informeformosa.com.ar\/index.php?rest_route=\/wp\/v2\/types\/post"}],"author":[{"embeddable":true,"href":"http:\/\/informeformosa.com.ar\/index.php?rest_route=\/wp\/v2\/users\/11"}],"replies":[{"embeddable":true,"href":"http:\/\/informeformosa.com.ar\/index.php?rest_route=%2Fwp%2Fv2%2Fcomments&post=58767"}],"version-history":[{"count":1,"href":"http:\/\/informeformosa.com.ar\/index.php?rest_route=\/wp\/v2\/posts\/58767\/revisions"}],"predecessor-version":[{"id":58770,"href":"http:\/\/informeformosa.com.ar\/index.php?rest_route=\/wp\/v2\/posts\/58767\/revisions\/58770"}],"wp:featuredmedia":[{"embeddable":true,"href":"http:\/\/informeformosa.com.ar\/index.php?rest_route=\/wp\/v2\/media\/58769"}],"wp:attachment":[{"href":"http:\/\/informeformosa.com.ar\/index.php?rest_route=%2Fwp%2Fv2%2Fmedia&parent=58767"}],"wp:term":[{"taxonomy":"category","embeddable":true,"href":"http:\/\/informeformosa.com.ar\/index.php?rest_route=%2Fwp%2Fv2%2Fcategories&post=58767"},{"taxonomy":"post_tag","embeddable":true,"href":"http:\/\/informeformosa.com.ar\/index.php?rest_route=%2Fwp%2Fv2%2Ftags&post=58767"}],"curies":[{"name":"wp","href":"https:\/\/api.w.org\/{rel}","templated":true}]}}