{"id":58761,"date":"2022-12-23T18:57:00","date_gmt":"2022-12-23T21:57:00","guid":{"rendered":"http:\/\/informeformosa.com.ar\/?p=58761"},"modified":"2022-12-24T07:16:23","modified_gmt":"2022-12-24T10:16:23","slug":"covid-19-recomendaciones-de-prevencion-para-estas-fiestas","status":"publish","type":"post","link":"http:\/\/informeformosa.com.ar\/?p=58761","title":{"rendered":"<strong>COVID-19: Recomendaciones de prevenci\u00f3n para estas fiestas\u00a0<\/strong>"},"content":{"rendered":"\n<p>La directora provincial de Epidemiolog\u00eda, la doctora Claudia Rodr\u00edguez, enfatiz\u00f3 que en esta \u00e9poca del a\u00f1o \u201chay que seguir cumpliendo con las medidas sanitarias y completando dosis de vacunas\u201d.&nbsp;<\/p>\n\n\n\n<p>En testimonios recabados por <strong>AGENFOR, <\/strong>indic\u00f3 que \u201cestamos en una \u00e9poca de muchas juntadas, abrazos, besos y la situaci\u00f3n epidemiol\u00f3gica est\u00e1 un poco complicada en el sentido de la cantidad de casos que van en aumento d\u00eda a d\u00eda\u201d.&nbsp;<\/p>\n\n\n\n<p>Record\u00f3 que \u201cla semana pasada, con respecto a la anterior, hubo un incremento de casos positivos muy importante. Triplicamos la cantidad en toda la provincia\u201d, esbozando que \u201ces un n\u00famero que aislado, fuera de contexto, pareciera que no es mucho, pero al mirar la curva y c\u00f3mo vienen estas \u00faltimas semanas, tiene un aumento bastante importante\u201d.&nbsp;<\/p>\n\n\n\n<p>\u201cMi experiencia me dice que vamos a tener una suba de casos importante todav\u00eda porque hay una serie de acontecimientos que se vinieron dando y que van a seguir, lo cual har\u00e1 que aumente m\u00e1s la cantidad de contagios\u201d, estim\u00f3 al analizar el contexto.&nbsp;<\/p>\n\n\n\n<p>En ese sentido, recomend\u00f3 que \u201cla gente complete todas las dosis de vacunas y trate en lo posible de cumplir con las medidas sanitarias\u201d.&nbsp;<\/p>\n\n\n\n<p>A su vez, plante\u00f3 que \u201chay gente de Formosa que ha ido a Qatar, al Mundial\u201d, por lo cual \u201chace unos d\u00edas que sacamos unas recomendaciones en base a recaudos del Ministerio de Salud de la Naci\u00f3n para toda aquella persona que haya vuelto de esa zona\u201d, teniendo en cuenta que \u201ctuvo contacto con gente que posee realidades epidemiol\u00f3gicas muy diversas\u201d.&nbsp;<\/p>\n\n\n\n<p>Y pidi\u00f3 que en caso de presentar alg\u00fan s\u00edntoma en especial, \u201cr\u00e1pidamente se consulte al m\u00e9dico para poder tomar las acciones\u201d.&nbsp;<\/p>\n\n\n\n<p>\u201cHay un mont\u00f3n de eventos en esta \u00e9poca del a\u00f1o que ayudan a que esto se prolifere mucho m\u00e1s r\u00e1pido\u201d, se\u00f1al\u00f3, apuntando que \u201cya tuvimos la experiencia porque los dos a\u00f1os anteriores, 2020 y 2021, hubo un aumento importante, pero ahora la diferencia est\u00e1 en las coberturas de vacunaci\u00f3n\u201d.&nbsp;<\/p>\n\n\n\n<p>No obstante, marc\u00f3 que \u201cno por eso, tenemos que relajarnos; al contrario, hay que preocuparse y seguir ocup\u00e1ndose, cumpliendo con las medidas sanitarias y completando dosis de vacunas\u201d.&nbsp;<\/p>\n","protected":false},"excerpt":{"rendered":"<p>La directora provincial de Epidemiolog\u00eda, la doctora Claudia Rodr\u00edguez, enfatiz\u00f3 que en esta \u00e9poca del a\u00f1o \u201chay que seguir cumpliendo con las medidas sanitarias y completando dosis de vacunas\u201d.&nbsp; En testimonios recabados por AGENFOR, indic\u00f3 que \u201cestamos en una \u00e9poca de muchas juntadas, abrazos, besos y la situaci\u00f3n epidemiol\u00f3gica est\u00e1 un poco complicada en el [&hellip;]<\/p>\n","protected":false},"author":11,"featured_media":58768,"comment_status":"closed","ping_status":"closed","sticky":false,"template":"","format":"standard","meta":{"footnotes":""},"categories":[12],"tags":[],"class_list":["post-58761","post","type-post","status-publish","format-standard","has-post-thumbnail","hentry","category-salud"],"_links":{"self":[{"href":"http:\/\/informeformosa.com.ar\/index.php?rest_route=\/wp\/v2\/posts\/58761","targetHints":{"allow":["GET"]}}],"collection":[{"href":"http:\/\/informeformosa.com.ar\/index.php?rest_route=\/wp\/v2\/posts"}],"about":[{"href":"http:\/\/informeformosa.com.ar\/index.php?rest_route=\/wp\/v2\/types\/post"}],"author":[{"embeddable":true,"href":"http:\/\/informeformosa.com.ar\/index.php?rest_route=\/wp\/v2\/users\/11"}],"replies":[{"embeddable":true,"href":"http:\/\/informeformosa.com.ar\/index.php?rest_route=%2Fwp%2Fv2%2Fcomments&post=58761"}],"version-history":[{"count":1,"href":"http:\/\/informeformosa.com.ar\/index.php?rest_route=\/wp\/v2\/posts\/58761\/revisions"}],"predecessor-version":[{"id":58765,"href":"http:\/\/informeformosa.com.ar\/index.php?rest_route=\/wp\/v2\/posts\/58761\/revisions\/58765"}],"wp:featuredmedia":[{"embeddable":true,"href":"http:\/\/informeformosa.com.ar\/index.php?rest_route=\/wp\/v2\/media\/58768"}],"wp:attachment":[{"href":"http:\/\/informeformosa.com.ar\/index.php?rest_route=%2Fwp%2Fv2%2Fmedia&parent=58761"}],"wp:term":[{"taxonomy":"category","embeddable":true,"href":"http:\/\/informeformosa.com.ar\/index.php?rest_route=%2Fwp%2Fv2%2Fcategories&post=58761"},{"taxonomy":"post_tag","embeddable":true,"href":"http:\/\/informeformosa.com.ar\/index.php?rest_route=%2Fwp%2Fv2%2Ftags&post=58761"}],"curies":[{"name":"wp","href":"https:\/\/api.w.org\/{rel}","templated":true}]}}