{"id":58745,"date":"2022-12-22T12:14:00","date_gmt":"2022-12-22T15:14:00","guid":{"rendered":"http:\/\/informeformosa.com.ar\/?p=58745"},"modified":"2022-12-23T00:19:07","modified_gmt":"2022-12-23T03:19:07","slug":"cumplir-el-sueno-de-la-casa-propia-es-pura-felicidad-mas-no-podemos-pedir","status":"publish","type":"post","link":"http:\/\/informeformosa.com.ar\/?p=58745","title":{"rendered":"Cumplir el sue\u00f1o de la casa propia: \u201cEs pura felicidad, m\u00e1s no podemos pedir\u201d"},"content":{"rendered":"\n<p>El mi\u00e9rcoles 21 de diciembre fue un d\u00eda que quedar\u00e1 marcado a fuego en la memoria de Rub\u00e9n, flamante adjudicatario de una nueva vivienda en el barrio La Nueva Formosa de la ciudad capital.&nbsp;<\/p>\n\n\n\n<p>La suya form\u00f3 parte del paquete de unidades habitacionales que el presidente de la Naci\u00f3n, Alberto Fern\u00e1ndez, junto al gobernador de Formosa, Gildo Insfr\u00e1n, entregaron a familias formose\u00f1as, que de esta forma podr\u00e1n pasar las Fiestas en su nuevo hogar de la mencionada urbanizaci\u00f3n capitalina.&nbsp;<\/p>\n\n\n\n<p>Se trata de 476 unidades habitacionales de las cuales 463 se ubican en dicho ejido urbano y el resto en otros barrios, de un total de 5400, de las que ya se entregaron 3200.<\/p>\n\n\n\n<p>Cabe destacar adem\u00e1s que el barrio cuenta con las redes de cloacas, agua potable y electricidad con alumbrado p\u00fablico y se encuentran actualmente en ejecuci\u00f3n un Centro de Desarrollo Infantil (CID) y un Sal\u00f3n de Usos M\u00faltiples (SUM), entre otras m\u00faltiples obras.<\/p>\n\n\n\n<p>En ese contexto, Rub\u00e9n, desde su vivienda en la manzana 34, destac\u00f3: \u201cQuiero agradecer al Gobierno de la provincia porque nos cumpli\u00f3 el sue\u00f1o de tener la casa propia, porque si no todav\u00eda estar\u00edamos viviendo en lo de mi suegra, en un terreno prestado\u201d.&nbsp;<\/p>\n\n\n\n<p>Consultado sobre su familia, coment\u00f3 en testimonios recabados por <strong>AGENFOR<\/strong> que \u201csomos cuatro, mi se\u00f1ora, mis dos hijos y yo. El var\u00f3n tiene siete a\u00f1os y la nena, cinco\u201d.&nbsp;<\/p>\n\n\n\n<p>\u201cEst\u00e1bamos viviendo en una pieza chiquita y ahora cumplimos el sue\u00f1o que tiene cualquier persona, de tener su vivienda propia\u201d, subray\u00f3.&nbsp;<\/p>\n\n\n\n<p>En ese sentido, indic\u00f3 que \u201cestamos ultimando detalles y ya vamos a ir trayendo nuestras cosas para mudarnos\u201d.&nbsp;<\/p>\n\n\n\n<p>\u201cEste a\u00f1o es pura felicidad para nosotros -acentu\u00f3-. Primero, Argentina campe\u00f3n del mundo y ahora nuestra casa propia. M\u00e1s no podemos pedir\u201d.&nbsp;<\/p>\n\n\n\n<p>Para finalizar, reiter\u00f3 su agradecimiento al Gobierno provincial y al Instituto Provincial de la Vivienda (IPV), remarcando que \u201cestamos viviendo un sue\u00f1o hecho realidad\u201d.&nbsp;<\/p>\n","protected":false},"excerpt":{"rendered":"<p>El mi\u00e9rcoles 21 de diciembre fue un d\u00eda que quedar\u00e1 marcado a fuego en la memoria de Rub\u00e9n, flamante adjudicatario de una nueva vivienda en el barrio La Nueva Formosa de la ciudad capital.&nbsp; La suya form\u00f3 parte del paquete de unidades habitacionales que el presidente de la Naci\u00f3n, Alberto Fern\u00e1ndez, junto al gobernador de [&hellip;]<\/p>\n","protected":false},"author":11,"featured_media":58749,"comment_status":"closed","ping_status":"closed","sticky":false,"template":"","format":"standard","meta":{"footnotes":""},"categories":[2],"tags":[],"class_list":["post-58745","post","type-post","status-publish","format-standard","has-post-thumbnail","hentry","category-locales"],"_links":{"self":[{"href":"http:\/\/informeformosa.com.ar\/index.php?rest_route=\/wp\/v2\/posts\/58745","targetHints":{"allow":["GET"]}}],"collection":[{"href":"http:\/\/informeformosa.com.ar\/index.php?rest_route=\/wp\/v2\/posts"}],"about":[{"href":"http:\/\/informeformosa.com.ar\/index.php?rest_route=\/wp\/v2\/types\/post"}],"author":[{"embeddable":true,"href":"http:\/\/informeformosa.com.ar\/index.php?rest_route=\/wp\/v2\/users\/11"}],"replies":[{"embeddable":true,"href":"http:\/\/informeformosa.com.ar\/index.php?rest_route=%2Fwp%2Fv2%2Fcomments&post=58745"}],"version-history":[{"count":1,"href":"http:\/\/informeformosa.com.ar\/index.php?rest_route=\/wp\/v2\/posts\/58745\/revisions"}],"predecessor-version":[{"id":58750,"href":"http:\/\/informeformosa.com.ar\/index.php?rest_route=\/wp\/v2\/posts\/58745\/revisions\/58750"}],"wp:featuredmedia":[{"embeddable":true,"href":"http:\/\/informeformosa.com.ar\/index.php?rest_route=\/wp\/v2\/media\/58749"}],"wp:attachment":[{"href":"http:\/\/informeformosa.com.ar\/index.php?rest_route=%2Fwp%2Fv2%2Fmedia&parent=58745"}],"wp:term":[{"taxonomy":"category","embeddable":true,"href":"http:\/\/informeformosa.com.ar\/index.php?rest_route=%2Fwp%2Fv2%2Fcategories&post=58745"},{"taxonomy":"post_tag","embeddable":true,"href":"http:\/\/informeformosa.com.ar\/index.php?rest_route=%2Fwp%2Fv2%2Ftags&post=58745"}],"curies":[{"name":"wp","href":"https:\/\/api.w.org\/{rel}","templated":true}]}}