{"id":57438,"date":"2022-09-02T20:30:00","date_gmt":"2022-09-02T23:30:00","guid":{"rendered":"http:\/\/informeformosa.com.ar\/?p=57438"},"modified":"2022-09-03T08:36:58","modified_gmt":"2022-09-03T11:36:58","slug":"masiva-convocatoria-en-repudio-al-atentado-sufrido-por-cristina-fernandez","status":"publish","type":"post","link":"http:\/\/informeformosa.com.ar\/?p=57438","title":{"rendered":"Masiva convocatoria en repudio al\u00a0atentado sufrido por Cristina Fern\u00e1ndez"},"content":{"rendered":"\n<p>Organizaciones pol\u00edticas, sociales y sindicales se convocaron este viernes en la plaza San Mart\u00edn de la ciudad de Formosa en \u201cdefensa de la democracia\u201d y en repudio al atentado sufrido por Cristina Fern\u00e1ndez de Kirchner, vicepresidenta de la Naci\u00f3n. Las movilizaciones se replicaron en todo el pa\u00eds.<\/p>\n\n\n\n<p>Dirigentes del Partido Justicialista y partidos aliados se hicieron presentes en la convocatoria, pero tambi\u00e9n militantes, artistas, referentes de comunidades originarias de la provincia, para dar su respaldo a la vicepresidenta.<\/p>\n\n\n\n<p>Primero fue una concentraci\u00f3n en la plaza y luego las columnas de militantes tomaron la avenida 25 de mayo con direcci\u00f3n a Casa de Gobierno y marcharon en forma pac\u00edfica, para luego desconcentrarse.<\/p>\n\n\n\n<p>El jefe de la bancada justicialista de la Legislatura provincial Agust\u00edn Samaniego, presente en la plaza, se\u00f1al\u00f3 a&nbsp;<strong>Agenfor<\/strong>&nbsp;que \u201cNos estamos manifestando pac\u00edficamente preocupados, seriamente, nos solidarizamos con nuestra vicepresidenta, reafirmamos el compromiso con la convivencia democr\u00e1tica y la necesidad imperiosa que tiene la sociedad argentina de abandonar los discursos de odio, de mentira, infames, de violencia discursiva, dial\u00e9ctica, que en alg\u00fan momento se pueden traducir en una violencia f\u00edsica real\u201d.<\/p>\n\n\n\n<p>Consider\u00f3 que en las \u00faltimas semanas pudo observarse una escalada de violencia no solamente contra la vicepresidenta sino contra el gobierno nacional y contra todo lo que sea popular y peronista. \u201cLlamamos a la comunidad pol\u00edtica, a los comunicadores sociales de Buenos Aires fundamentalmente y a algunos de Formosa que abandonen sus discursos de odio, no conducen a nada, al contrario, pueden conducir a tragedias, si esa bala no fallaba\u201d consider\u00f3.<\/p>\n\n\n\n<p>En tanto el ex ministro del Superior Tribunal de Justicia H\u00e9ctor Tievas se\u00f1al\u00f3 que \u201csiempre que hay un acto de defensa de la democracia y de los derechos humanos soy part\u00edcipe, por mi condici\u00f3n de expreso pol\u00edtico, tengo un compromiso con las manifestaciones populares de defensa de nuestros derechos y de la vida\u201d.<\/p>\n\n\n\n<p>Analiz\u00f3 lo ocurrido al se\u00f1alar que \u201cFue un acto delincuencial, de odio pol\u00edtico, hacia una persona ha dado todo y que est\u00e1 dando todo, pelea, baj\u00f3 la cabeza para evitar el posible disparo y sigui\u00f3 junto a su gente. Es importante acompa\u00f1arla y manifestar nuestra adhesi\u00f3n\u201d.<\/p>\n\n\n\n<p>El ministro de Cultura y Educaci\u00f3n, Luis Eugenio Basterra expres\u00f3 que esta marcha de apoyo a Cristina Fern\u00e1ndez de Kirchner, que se replica en todas las plazas del pa\u00eds, es la muestra de un compromiso con la democracia. \u201cTanto bombardeo medi\u00e1tico de los medios dominantes hace que no se llegue a percibir la gravedad de lo que ocurri\u00f3 ayer\u201d, dijo refiri\u00e9ndose al intento de magnicidio a la ex presidenta en el d\u00eda jueves 1\u00b0.<\/p>\n\n\n\n<p>\u201cDesde la d\u00e9cada del 30\u2019 no hab\u00eda un plan de asesinato tan brutal como el que este y eso es producto de instar al odio y no al amor y debate\u201d, puntualiz\u00f3 en contacto con AGENFOR, destacando que la convocatoria debe dar lugar a la reflexi\u00f3n sobre \u201cel debate franco, leal, permiti\u00e9ndonos disentir y aceptar la voluntad popular, sin tolerar en absoluto una situaci\u00f3n como la vivida\u201d, asever\u00f3.<\/p>\n\n\n\n<p>El secretario general de ATE-Formosa, N\u00e9stor V\u00e1zquez, consider\u00f3 en tanto que \u201ctodos estamos en alerta y en movilizaci\u00f3n repudiando en\u00e9rgicamente lo que ocurri\u00f3 a la vicepresidenta y sobre todo acompa\u00f1ando sin tener en cuenta quien convoc\u00f3 la marcha, solo en defensa de la democracia\u201d.<\/p>\n\n\n\n<p>Asegur\u00f3 que \u201cal estado de derecho y a la democracia hay que defenderla poniendo los pies en la calle, en el marco de la paz que necesitamos y la no violencia\u201d<\/p>\n\n\n\n<p>El joven militante Federico Escubilla opin\u00f3 por su parte que \u201cEl feriado decretado por el presidente Alberto Fern\u00e1ndez colabor\u00f3 para que pudi\u00e9ramos convocarnos de manera pac\u00edfica, para pedir por la democracia y para repudiar el ataque que sufri\u00f3 la vicepresidenta de la Naci\u00f3n y decir basta\u201d.<\/p>\n\n\n\n<p>Dijo que al observar las noticias del intento de asesinato, \u201cpensaba que si esa bala impactaba, un pueblo se iba a levantar, no de manera pac\u00edfica, porque es tanto el odio que se sembr\u00f3 que la gente no toma conciencia y si tocan a alguien tan querido como Cristina, no \u00edbamos a responder con palabras, sino con hechos\u201d.<\/p>\n\n\n\n<p>Roc\u00edo, joven militante, expres\u00f3 que lo que la convoc\u00f3 a la plaza es la democracia y explic\u00f3 que \u201cno es solo un atentado sobre la vida de Cristina, sino que ella es democracia, pueblo y nos representa como figura pol\u00edtica\u201d.<\/p>\n\n\n\n<p>A\u00f1adi\u00f3 que no quisieron matar solo a la persona, sino que quieren matar este sistema democr\u00e1tico en el cual hemos decidido, hace m\u00e1s de 40 a\u00f1os, vivir en paz y libertad.<\/p>\n\n\n\n<p>Adem\u00e1s, se refiri\u00f3 al discurso de odio que destila un sector pol\u00edtico y los medios de comunicaci\u00f3n hegem\u00f3nicos que son el punto de inflexi\u00f3n en este hecho, que por suerte no logr\u00f3 su objetivo. \u201cLa sociedad hoy est\u00e1 reflexionando y quiere seguir viviendo en democracia y sin violencia\u201d, insisti\u00f3.<\/p>\n","protected":false},"excerpt":{"rendered":"<p>Organizaciones pol\u00edticas, sociales y sindicales se convocaron este viernes en la plaza San Mart\u00edn de la ciudad de Formosa en \u201cdefensa de la democracia\u201d y en repudio al atentado sufrido por Cristina Fern\u00e1ndez de Kirchner, vicepresidenta de la Naci\u00f3n. Las movilizaciones se replicaron en todo el pa\u00eds. Dirigentes del Partido Justicialista y partidos aliados se [&hellip;]<\/p>\n","protected":false},"author":11,"featured_media":57439,"comment_status":"closed","ping_status":"closed","sticky":false,"template":"","format":"standard","meta":{"footnotes":""},"categories":[2],"tags":[],"class_list":["post-57438","post","type-post","status-publish","format-standard","has-post-thumbnail","hentry","category-locales"],"_links":{"self":[{"href":"http:\/\/informeformosa.com.ar\/index.php?rest_route=\/wp\/v2\/posts\/57438","targetHints":{"allow":["GET"]}}],"collection":[{"href":"http:\/\/informeformosa.com.ar\/index.php?rest_route=\/wp\/v2\/posts"}],"about":[{"href":"http:\/\/informeformosa.com.ar\/index.php?rest_route=\/wp\/v2\/types\/post"}],"author":[{"embeddable":true,"href":"http:\/\/informeformosa.com.ar\/index.php?rest_route=\/wp\/v2\/users\/11"}],"replies":[{"embeddable":true,"href":"http:\/\/informeformosa.com.ar\/index.php?rest_route=%2Fwp%2Fv2%2Fcomments&post=57438"}],"version-history":[{"count":1,"href":"http:\/\/informeformosa.com.ar\/index.php?rest_route=\/wp\/v2\/posts\/57438\/revisions"}],"predecessor-version":[{"id":57440,"href":"http:\/\/informeformosa.com.ar\/index.php?rest_route=\/wp\/v2\/posts\/57438\/revisions\/57440"}],"wp:featuredmedia":[{"embeddable":true,"href":"http:\/\/informeformosa.com.ar\/index.php?rest_route=\/wp\/v2\/media\/57439"}],"wp:attachment":[{"href":"http:\/\/informeformosa.com.ar\/index.php?rest_route=%2Fwp%2Fv2%2Fmedia&parent=57438"}],"wp:term":[{"taxonomy":"category","embeddable":true,"href":"http:\/\/informeformosa.com.ar\/index.php?rest_route=%2Fwp%2Fv2%2Fcategories&post=57438"},{"taxonomy":"post_tag","embeddable":true,"href":"http:\/\/informeformosa.com.ar\/index.php?rest_route=%2Fwp%2Fv2%2Ftags&post=57438"}],"curies":[{"name":"wp","href":"https:\/\/api.w.org\/{rel}","templated":true}]}}