{"id":57429,"date":"2022-09-02T20:00:00","date_gmt":"2022-09-02T23:00:00","guid":{"rendered":"http:\/\/informeformosa.com.ar\/?p=57429"},"modified":"2022-09-03T08:30:22","modified_gmt":"2022-09-03T11:30:22","slug":"energico-repudio-de-insfran-al-atentado-contra-la-vicepresidenta-de-la-nacion","status":"publish","type":"post","link":"http:\/\/informeformosa.com.ar\/?p=57429","title":{"rendered":"En\u00e9rgico repudio de Insfr\u00e1n al atentado contra la Vicepresidenta de la Naci\u00f3n"},"content":{"rendered":"\n<p>El gobernador de la provincia, el doctor Gildo Insfr\u00e1n, expres\u00f3 su en\u00e9rgico repudio al atentado contra la vicepresidenta de la Naci\u00f3n, doctora Cristina Fern\u00e1ndez de Kirchner.&nbsp;<\/p>\n\n\n\n<p>\u201cEn nombre del pueblo de Formosa y en el m\u00edo propio, expresamos nuestra solidaridad con la vicepresidenta de la Naci\u00f3n, Cristina Fern\u00e1ndez de Kirchner\u201d, aseverando que \u201cel atentado contra su vida ha marcado un l\u00edmite\u201d.&nbsp;<\/p>\n\n\n\n<p>Por eso, \u201crepudiamos en\u00e9rgicamente la violencia generada por los permanentes discursos de odio que sectores de la oposici\u00f3n pol\u00edtica y medios concentrados de comunicaci\u00f3n vienen instalando en el pa\u00eds\u201d.&nbsp;<\/p>\n\n\n\n<p>Y reflexion\u00f3 que \u201cen una Naci\u00f3n con casi 40 a\u00f1os ininterrumpidos de democracia no es admisible que se utilicen el odio pol\u00edtico y la generaci\u00f3n de violencia como herramientas electorales\u201d, para finalmente advertir que \u201cquienes as\u00ed lo hagan, deber\u00e1n ser responsables frente a un Poder Judicial que debe demostrar su compromiso democr\u00e1tico y con el Estado de Derecho, y frente al pueblo argentino, que jam\u00e1s abandona a quien no lo traiciona\u201d, concluy\u00f3.&nbsp;<\/p>\n\n\n\n<p>Por otro lado, tras lo sucedido el presidente de la Naci\u00f3n, Alberto Fern\u00e1ndez, consider\u00f3 al hecho como \u00abel m\u00e1s grave\u00bb desde el regreso de la democracia y declar\u00f3 a este viernes 2 feriado nacional \u00abpara que en paz y armon\u00eda el pueblo pueda expresarse en defensa de la vida y la democracia y en solidaridad con nuestra Vicepresidenta\u00bb.<\/p>\n","protected":false},"excerpt":{"rendered":"<p>El gobernador de la provincia, el doctor Gildo Insfr\u00e1n, expres\u00f3 su en\u00e9rgico repudio al atentado contra la vicepresidenta de la Naci\u00f3n, doctora Cristina Fern\u00e1ndez de Kirchner.&nbsp; \u201cEn nombre del pueblo de Formosa y en el m\u00edo propio, expresamos nuestra solidaridad con la vicepresidenta de la Naci\u00f3n, Cristina Fern\u00e1ndez de Kirchner\u201d, aseverando que \u201cel atentado contra [&hellip;]<\/p>\n","protected":false},"author":11,"featured_media":57436,"comment_status":"closed","ping_status":"closed","sticky":false,"template":"","format":"standard","meta":{"footnotes":""},"categories":[6],"tags":[],"class_list":["post-57429","post","type-post","status-publish","format-standard","has-post-thumbnail","hentry","category-nacionales"],"_links":{"self":[{"href":"http:\/\/informeformosa.com.ar\/index.php?rest_route=\/wp\/v2\/posts\/57429","targetHints":{"allow":["GET"]}}],"collection":[{"href":"http:\/\/informeformosa.com.ar\/index.php?rest_route=\/wp\/v2\/posts"}],"about":[{"href":"http:\/\/informeformosa.com.ar\/index.php?rest_route=\/wp\/v2\/types\/post"}],"author":[{"embeddable":true,"href":"http:\/\/informeformosa.com.ar\/index.php?rest_route=\/wp\/v2\/users\/11"}],"replies":[{"embeddable":true,"href":"http:\/\/informeformosa.com.ar\/index.php?rest_route=%2Fwp%2Fv2%2Fcomments&post=57429"}],"version-history":[{"count":1,"href":"http:\/\/informeformosa.com.ar\/index.php?rest_route=\/wp\/v2\/posts\/57429\/revisions"}],"predecessor-version":[{"id":57437,"href":"http:\/\/informeformosa.com.ar\/index.php?rest_route=\/wp\/v2\/posts\/57429\/revisions\/57437"}],"wp:featuredmedia":[{"embeddable":true,"href":"http:\/\/informeformosa.com.ar\/index.php?rest_route=\/wp\/v2\/media\/57436"}],"wp:attachment":[{"href":"http:\/\/informeformosa.com.ar\/index.php?rest_route=%2Fwp%2Fv2%2Fmedia&parent=57429"}],"wp:term":[{"taxonomy":"category","embeddable":true,"href":"http:\/\/informeformosa.com.ar\/index.php?rest_route=%2Fwp%2Fv2%2Fcategories&post=57429"},{"taxonomy":"post_tag","embeddable":true,"href":"http:\/\/informeformosa.com.ar\/index.php?rest_route=%2Fwp%2Fv2%2Ftags&post=57429"}],"curies":[{"name":"wp","href":"https:\/\/api.w.org\/{rel}","templated":true}]}}