{"id":57269,"date":"2022-08-21T22:38:56","date_gmt":"2022-08-22T01:38:56","guid":{"rendered":"http:\/\/informeformosa.com.ar\/?p=57269"},"modified":"2022-08-21T22:38:56","modified_gmt":"2022-08-22T01:38:56","slug":"como-todos-los-anos-por-el-dia-de-las-infancias-ninas-y-ninos-formosenos-recibieron-su-juguete%ef%bf%bc","status":"publish","type":"post","link":"http:\/\/informeformosa.com.ar\/?p=57269","title":{"rendered":"Como todos los a\u00f1os, por el D\u00eda de las Infancias, ni\u00f1as y ni\u00f1os formose\u00f1os recibieron su juguete\ufffc"},"content":{"rendered":"\n<p><em>A partir las 9 de la ma\u00f1ana de este domingo 21, y como parte de otra de las actividades por el D\u00eda de las Infancias, todas las instituciones educativas abrieron sus puertas para agasajar con un juguete a sus alumnos.&nbsp;<\/em><\/p>\n\n\n\n<p>Esta acci\u00f3n, que se replica todos los a\u00f1os, nace de la decisi\u00f3n pol\u00edtica del Estado provincial que tiene como conductor al doctor Gildo Insfr\u00e1n, quien a lo largo de su mandato sostuvo que \u201clos \u00fanicos privilegiados son los ni\u00f1os\u201d.&nbsp;<\/p>\n\n\n\n<p>Vali\u00e9ndose con hechos, m\u00e1s de 200 mil juguetes fueron entregados a estudiantes y hermanitos que se acercaron a retirar su obsequio. Tal es as\u00ed, que <strong>AGENFOR,<\/strong> pudo acceder a algunos testimonios brindados por directivos de diferentes escuelas, quienes concordaron en agradecer al mandatario provincial, la r\u00e9plica de esta acci\u00f3n que genera en los rostros de sus beneficiarios grandes sonrisas que expresan alegr\u00eda.&nbsp;<\/p>\n\n\n\n<p>Cabe destacar, que los ni\u00f1os al llegar al establecimiento, eran recibidos con chocolate y galletitas, adem\u00e1s de m\u00fasica, juegos y con hasta algunos docentes o voluntarios disfrazados que c\u00e1lidamente le daban la bienvenida.&nbsp;<\/p>\n\n\n\n<p>Idalina Mendoza, directora de la EPEP N\u00b0379 del barrio Eva Per\u00f3n, coment\u00f3 que \u201cdesde horas tempranas con los docentes nos reunimos a organizar el chocolate\u201d.<\/p>\n\n\n\n<p>En este sentido, destac\u00f3 el compromiso de cada maestra y maestro que sin dudar \u201caport\u00f3 su granito de arena\u201d.&nbsp;<\/p>\n\n\n\n<p>Adem\u00e1s, remarc\u00f3 que \u201ctenemos una matr\u00edcula de 1055 alumnos y contamos con juguetes para todos y hasta disponemos de un sobrante para sus hermanitos\u201d.&nbsp;<\/p>\n\n\n\n<p>Tal es as\u00ed, que expres\u00f3: \u201cPara nosotros, es loable el gesto del Gobierno de la provincia de que todos los a\u00f1os agasaje a los ni\u00f1os formose\u00f1os por su d\u00eda con un juguete\u201d y agreg\u00f3: \u201cDesde la escuela valoramos poder ser el nexo de este gesto. Sin duda, el mayor premio, es la sonrisa de ellos\u201d.&nbsp;<\/p>\n\n\n\n<p>Siguiendo la misma l\u00ednea, C\u00e1ndido Valdez de la EPEP N\u00b0 518 del Sim\u00f3n Bol\u00edvar, manifest\u00f3: \u201cA trav\u00e9s del esp\u00edritu solidario que tiene el Gobernador de hacerle llegar a los ni\u00f1os los juguetes y contar con los docentes disfrazados, hoy vivimos un d\u00eda de fiesta\u201d.<\/p>\n","protected":false},"excerpt":{"rendered":"<p>A partir las 9 de la ma\u00f1ana de este domingo 21, y como parte de otra de las actividades por el D\u00eda de las Infancias, todas las instituciones educativas abrieron sus puertas para agasajar con un juguete a sus alumnos.&nbsp; Esta acci\u00f3n, que se replica todos los a\u00f1os, nace de la decisi\u00f3n pol\u00edtica del Estado [&hellip;]<\/p>\n","protected":false},"author":11,"featured_media":57270,"comment_status":"closed","ping_status":"closed","sticky":false,"template":"","format":"standard","meta":{"footnotes":""},"categories":[2],"tags":[],"class_list":["post-57269","post","type-post","status-publish","format-standard","has-post-thumbnail","hentry","category-locales"],"_links":{"self":[{"href":"http:\/\/informeformosa.com.ar\/index.php?rest_route=\/wp\/v2\/posts\/57269","targetHints":{"allow":["GET"]}}],"collection":[{"href":"http:\/\/informeformosa.com.ar\/index.php?rest_route=\/wp\/v2\/posts"}],"about":[{"href":"http:\/\/informeformosa.com.ar\/index.php?rest_route=\/wp\/v2\/types\/post"}],"author":[{"embeddable":true,"href":"http:\/\/informeformosa.com.ar\/index.php?rest_route=\/wp\/v2\/users\/11"}],"replies":[{"embeddable":true,"href":"http:\/\/informeformosa.com.ar\/index.php?rest_route=%2Fwp%2Fv2%2Fcomments&post=57269"}],"version-history":[{"count":1,"href":"http:\/\/informeformosa.com.ar\/index.php?rest_route=\/wp\/v2\/posts\/57269\/revisions"}],"predecessor-version":[{"id":57271,"href":"http:\/\/informeformosa.com.ar\/index.php?rest_route=\/wp\/v2\/posts\/57269\/revisions\/57271"}],"wp:featuredmedia":[{"embeddable":true,"href":"http:\/\/informeformosa.com.ar\/index.php?rest_route=\/wp\/v2\/media\/57270"}],"wp:attachment":[{"href":"http:\/\/informeformosa.com.ar\/index.php?rest_route=%2Fwp%2Fv2%2Fmedia&parent=57269"}],"wp:term":[{"taxonomy":"category","embeddable":true,"href":"http:\/\/informeformosa.com.ar\/index.php?rest_route=%2Fwp%2Fv2%2Fcategories&post=57269"},{"taxonomy":"post_tag","embeddable":true,"href":"http:\/\/informeformosa.com.ar\/index.php?rest_route=%2Fwp%2Fv2%2Ftags&post=57269"}],"curies":[{"name":"wp","href":"https:\/\/api.w.org\/{rel}","templated":true}]}}