{"id":56829,"date":"2022-07-05T20:04:49","date_gmt":"2022-07-05T23:04:49","guid":{"rendered":"http:\/\/informeformosa.com.ar\/?p=56829"},"modified":"2022-07-05T20:04:50","modified_gmt":"2022-07-05T23:04:50","slug":"%ef%bf%bcapelan-a-la-responsabilidad-social-ante-el-aumento-de-casos-de-covid-19","status":"publish","type":"post","link":"http:\/\/informeformosa.com.ar\/?p=56829","title":{"rendered":"\ufffcApelan a la responsabilidad social ante el aumento de casos de COVID-19"},"content":{"rendered":"\n<p>La doctora Claudia Rodr\u00edguez, directora de Epidemiolog\u00eda, insisti\u00f3 en la importancia de que la poblaci\u00f3n complete sus esquemas de vacunaci\u00f3n, se aplique las dosis de refuerzo y cumpla las medidas sanitarias.<\/p>\n\n\n\n<p>En declaraciones recogidas por <strong>AGENFOR<\/strong>, enfatiz\u00f3 que ante el aumento de casos \u201ctenemos que colaborar entre todos, ya sea completando los esquemas de vacunaci\u00f3n y cumpliendo las medidas preventivas\u201d.<\/p>\n\n\n\n<p>Y remarc\u00f3 que as\u00ed debe ser \u201csi queremos que esta nueva ola que estamos transitando la podamos pasar en forma tranquila, como m\u00e1s o menos tuvimos la ola en enero, donde si bien hubo una gran cantidad de personas infectadas, no as\u00ed de internados y fallecidos con respecto al a\u00f1o anterior\u201d.<\/p>\n\n\n\n<p>En ese sentido, apel\u00f3 a \u201cla responsabilidad social de cada uno\u201d, ya que \u201clas medidas sanitarias tienen un impacto colectivo, no son solamente para nosotros, sino para todo nuestro entorno\u201d.<\/p>\n\n\n\n<p>Precis\u00f3 que \u201chay 2141 casos activos de coronavirus en toda la provincia, donde el mayor porcentaje, arriba del 80%, lo tenemos en la ciudad capital, con 1840 casos\u201d.<\/p>\n\n\n\n<p>Y sobre el brote, abund\u00f3 explicando que \u201csi bien comenz\u00f3 en la capital, se fue propagando y en la semana anterior ya se disemin\u00f3 en varias localidades del interior\u201d.<\/p>\n\n\n\n<p>Consultada sobre las medidas de cuidado personal, advirti\u00f3 que \u201cestamos viendo que en general todas, no s\u00f3lo el barbijo, sino tambi\u00e9n la distancia, el lavado frecuente de manos y no compartir el mate o el terer\u00e9, fundamentalmente en los d\u00edas que no se trabaja, la gente est\u00e1 sin barbijo y compartiendo rondas de mate o terer\u00e9\u201d.<\/p>\n\n\n\n<p>\u201cEsas medidas son las que hay que mantener\u201d, recalc\u00f3, acentuando adem\u00e1s que \u201cinstamos a la poblaci\u00f3n a que complete sus esquemas de vacunaci\u00f3n, lo cual es muy importante, ya que con eso vamos a evitar o disminuir fuertemente la cantidad de personas internadas o que necesiten un respirador, al igual que los fallecimientos\u201d.<\/p>\n\n\n\n<p>No obstante, marc\u00f3 que \u201ccon las vacunas no impedimos la infecci\u00f3n; para poder cortar la cadena de transmisi\u00f3n necesitamos fundamentalmente de dos factores: <strong>cumplir con las medidas sanitarias<\/strong>, porque estamos viendo que est\u00e1n bastante relajadas en todo el pa\u00eds y Formosa no escapa a esa realidad, y adem\u00e1s que<strong>ante los primeros s\u00edntomas la gente vaya a hisoparse\u201d.<\/strong><\/p>\n\n\n\n<p>Asever\u00f3 que \u201ces muy importante tener el diagn\u00f3stico confirmado porque de esa manera la persona se va a aislar\u201d, esclareciendo que \u201caunque tenga s\u00edntomas leves o no los tenga, igual est\u00e1 contagiando\u201d, culmin\u00f3.<\/p>\n","protected":false},"excerpt":{"rendered":"<p>La doctora Claudia Rodr\u00edguez, directora de Epidemiolog\u00eda, insisti\u00f3 en la importancia de que la poblaci\u00f3n complete sus esquemas de vacunaci\u00f3n, se aplique las dosis de refuerzo y cumpla las medidas sanitarias. En declaraciones recogidas por AGENFOR, enfatiz\u00f3 que ante el aumento de casos \u201ctenemos que colaborar entre todos, ya sea completando los esquemas de vacunaci\u00f3n [&hellip;]<\/p>\n","protected":false},"author":11,"featured_media":56836,"comment_status":"closed","ping_status":"closed","sticky":false,"template":"","format":"standard","meta":{"footnotes":""},"categories":[12],"tags":[],"class_list":["post-56829","post","type-post","status-publish","format-standard","has-post-thumbnail","hentry","category-salud"],"_links":{"self":[{"href":"http:\/\/informeformosa.com.ar\/index.php?rest_route=\/wp\/v2\/posts\/56829","targetHints":{"allow":["GET"]}}],"collection":[{"href":"http:\/\/informeformosa.com.ar\/index.php?rest_route=\/wp\/v2\/posts"}],"about":[{"href":"http:\/\/informeformosa.com.ar\/index.php?rest_route=\/wp\/v2\/types\/post"}],"author":[{"embeddable":true,"href":"http:\/\/informeformosa.com.ar\/index.php?rest_route=\/wp\/v2\/users\/11"}],"replies":[{"embeddable":true,"href":"http:\/\/informeformosa.com.ar\/index.php?rest_route=%2Fwp%2Fv2%2Fcomments&post=56829"}],"version-history":[{"count":1,"href":"http:\/\/informeformosa.com.ar\/index.php?rest_route=\/wp\/v2\/posts\/56829\/revisions"}],"predecessor-version":[{"id":56837,"href":"http:\/\/informeformosa.com.ar\/index.php?rest_route=\/wp\/v2\/posts\/56829\/revisions\/56837"}],"wp:featuredmedia":[{"embeddable":true,"href":"http:\/\/informeformosa.com.ar\/index.php?rest_route=\/wp\/v2\/media\/56836"}],"wp:attachment":[{"href":"http:\/\/informeformosa.com.ar\/index.php?rest_route=%2Fwp%2Fv2%2Fmedia&parent=56829"}],"wp:term":[{"taxonomy":"category","embeddable":true,"href":"http:\/\/informeformosa.com.ar\/index.php?rest_route=%2Fwp%2Fv2%2Fcategories&post=56829"},{"taxonomy":"post_tag","embeddable":true,"href":"http:\/\/informeformosa.com.ar\/index.php?rest_route=%2Fwp%2Fv2%2Ftags&post=56829"}],"curies":[{"name":"wp","href":"https:\/\/api.w.org\/{rel}","templated":true}]}}