{"id":56688,"date":"2022-06-24T18:43:55","date_gmt":"2022-06-24T21:43:55","guid":{"rendered":"http:\/\/informeformosa.com.ar\/?p=56688"},"modified":"2022-06-24T18:43:55","modified_gmt":"2022-06-24T21:43:55","slug":"ninas-y-ninos-participaran-en-turismo-educativo-2022","status":"publish","type":"post","link":"http:\/\/informeformosa.com.ar\/?p=56688","title":{"rendered":"Ni\u00f1as y ni\u00f1os participar\u00e1n en Turismo Educativo 2022"},"content":{"rendered":"\n<p>Estudiantes y docentes de la Escuelas Provinciales de Educaci\u00f3n Primaria (E.P.E.P.) N\u00b0115, 258, 354, 377,480, y 515 fueron seleccionados para participar del Programa Turismo Educativo que se llevar\u00e1 a cabo en la Unidad Tur\u00edstica de Embalse R\u00edo III, C\u00f3rdoba, desde el 17 al 25 de julio del corriente a\u00f1o.&nbsp;<\/p>\n\n\n\n<p>Por tal motivo, en la ciudad de El Colorado se realiz\u00f3 una reuni\u00f3n informativa donde se explicaron los objetivos del programa, se proyectaron im\u00e1genes y videos de las delegaciones que fueron parte de lasdiversas experiencias educativasy recreativasdesde laimplementaci\u00f3nen la provincia, iniciado en el a\u00f1o 2012 que cont\u00f3 con la participaci\u00f3n de 57 instituciones y m\u00e1s de 1700 estudiantes.<\/p>\n\n\n\n<p>Jornada donde estuvieron presentes laprofesora Anal\u00eda Heizenreder, subsecretaria de Educaci\u00f3n, el Sr. Gerardo Mart\u00ednez, coordinador de delegados Zonales, la licenciada \u00c9rica Stock, coordinadora provincial de Pol\u00edticas Socioeducativas y equipo t\u00e9cnico, el profesor Pablo Bar\u00f3n Pe\u00f1a, delegado zonal de El Colorado, profesionales de la educaci\u00f3n, tutores, dem\u00e1s autoridades gubernamentales y judiciales.<\/p>\n\n\n\n<p>&nbsp;&nbsp;&nbsp;&nbsp;&nbsp;&nbsp;&nbsp;&nbsp; &nbsp;,<\/p>\n","protected":false},"excerpt":{"rendered":"<p>Estudiantes y docentes de la Escuelas Provinciales de Educaci\u00f3n Primaria (E.P.E.P.) N\u00b0115, 258, 354, 377,480, y 515 fueron seleccionados para participar del Programa Turismo Educativo que se llevar\u00e1 a cabo en la Unidad Tur\u00edstica de Embalse R\u00edo III, C\u00f3rdoba, desde el 17 al 25 de julio del corriente a\u00f1o.&nbsp; Por tal motivo, en la ciudad [&hellip;]<\/p>\n","protected":false},"author":11,"featured_media":56695,"comment_status":"closed","ping_status":"closed","sticky":false,"template":"","format":"standard","meta":{"footnotes":""},"categories":[19],"tags":[],"class_list":["post-56688","post","type-post","status-publish","format-standard","has-post-thumbnail","hentry","category-turismo"],"_links":{"self":[{"href":"http:\/\/informeformosa.com.ar\/index.php?rest_route=\/wp\/v2\/posts\/56688","targetHints":{"allow":["GET"]}}],"collection":[{"href":"http:\/\/informeformosa.com.ar\/index.php?rest_route=\/wp\/v2\/posts"}],"about":[{"href":"http:\/\/informeformosa.com.ar\/index.php?rest_route=\/wp\/v2\/types\/post"}],"author":[{"embeddable":true,"href":"http:\/\/informeformosa.com.ar\/index.php?rest_route=\/wp\/v2\/users\/11"}],"replies":[{"embeddable":true,"href":"http:\/\/informeformosa.com.ar\/index.php?rest_route=%2Fwp%2Fv2%2Fcomments&post=56688"}],"version-history":[{"count":1,"href":"http:\/\/informeformosa.com.ar\/index.php?rest_route=\/wp\/v2\/posts\/56688\/revisions"}],"predecessor-version":[{"id":56696,"href":"http:\/\/informeformosa.com.ar\/index.php?rest_route=\/wp\/v2\/posts\/56688\/revisions\/56696"}],"wp:featuredmedia":[{"embeddable":true,"href":"http:\/\/informeformosa.com.ar\/index.php?rest_route=\/wp\/v2\/media\/56695"}],"wp:attachment":[{"href":"http:\/\/informeformosa.com.ar\/index.php?rest_route=%2Fwp%2Fv2%2Fmedia&parent=56688"}],"wp:term":[{"taxonomy":"category","embeddable":true,"href":"http:\/\/informeformosa.com.ar\/index.php?rest_route=%2Fwp%2Fv2%2Fcategories&post=56688"},{"taxonomy":"post_tag","embeddable":true,"href":"http:\/\/informeformosa.com.ar\/index.php?rest_route=%2Fwp%2Fv2%2Ftags&post=56688"}],"curies":[{"name":"wp","href":"https:\/\/api.w.org\/{rel}","templated":true}]}}