{"id":56675,"date":"2022-06-24T18:30:34","date_gmt":"2022-06-24T21:30:34","guid":{"rendered":"http:\/\/informeformosa.com.ar\/?p=56675"},"modified":"2022-06-24T18:30:34","modified_gmt":"2022-06-24T21:30:34","slug":"el-coro-infanto-juvenil-cumple-14-anos-y-lo-celebrara-con-un-encuentro-musical","status":"publish","type":"post","link":"http:\/\/informeformosa.com.ar\/?p=56675","title":{"rendered":"El Coro Infanto Juvenil cumple 14 a\u00f1os y lo celebrar\u00e1 con un encuentro musical"},"content":{"rendered":"\n<p>En di\u00e1logo con la <strong>Agencia de Noticias Formosa (AGENFOR<\/strong>), expres\u00f3: \u201cCumple 14 a\u00f1os ininterrumpidos en el \u00e1mbito de la m\u00fasica coral\u201d y record\u00f3 que hizo su debut en el a\u00f1o 2008 en el Teatro de la Ciudad bajo la direcci\u00f3n del profesor Domingo Figueroa, con ella de asistente junto a Ernesto de Jes\u00fas Olmedo.<\/p>\n\n\n\n<p>Cabe recordar que depende de la Subsecretar\u00eda de Cultura del Ministerio de Cultura y Educaci\u00f3n (MCyE) y que se le instituy\u00f3 el nombre de Chiquita Milanese en homenaje a \u201cquien fuera la iniciadora del canto coral\u201d.<\/p>\n\n\n\n<p>En este contexto, Paredes esboz\u00f3 con alegr\u00eda que este nuevo aniversario ser\u00e1 celebrado \u201ccon m\u00fasica\u201d, informando que el 26 de junio se realizar\u00e1 \u201cun Encuentro Coral en el Sal\u00f3n Auditorio del Teatro de la Ciudad\u201d.<\/p>\n\n\n\n<p>\u201cSer\u00e1 a partir de las 19 horas con entrada libre y gratuita y compartiremos escenario con el Coro de la EPES N\u00b0 52 \u2018Chita Pedrozo\u2019, El Corisa (integrado por estudiantes del Profesorado en M\u00fasica del Instituto Superior de Arte \u2018Oscar A. Albertazzi\u2019), la Camerata Vocal, el Grupo Coral Musiqu\u00e9 y el Coro de los Talleres de Extensi\u00f3n Comunitaria de M\u00fasica, tambi\u00e9n del Albertazzi\u201d, detall\u00f3.<\/p>\n\n\n\n<p><strong>Historia<\/strong><\/p>\n\n\n\n<p>Respecto de la historia del Coro, Paredes declar\u00f3 a esta Agencia que \u201cdesde su inicio realiz\u00f3 innumerables presentaciones, no solamente en la ciudad capital, sino tambi\u00e9n en el interior\u201d, entre los cuales se destaca \u201cla Cantata Navide\u00f1a, el cual lleva un mensaje de amor y paz a diferentes lugares como los hospitales y las Casas de la Solidaridad\u201d.<\/p>\n\n\n\n<p>En este punto, record\u00f3 que \u201chemos tenido la posibilidad de visitar diferentes localidades del interior como Laguna Blanca, Tres Lagunas, Siete Palmas, Clorinda, Pozo del Tigre, San Mart\u00edn Dos y General G\u00fcemes\u201d.<\/p>\n\n\n\n<p>Adem\u00e1s, puso en resalto que entre los grandes logros del Coro se encuentra \u201cla participaci\u00f3n en la grabaci\u00f3n del material discogr\u00e1fico publicado por el MCyE en el a\u00f1o 2019, llamado \u2018Humanos y Canciones Escolares\u2019\u201d, que fue grabado bajo su direcci\u00f3n.<\/p>\n\n\n\n<p>Paredes, que desde el a\u00f1o 2012 es la directora del Coro, inform\u00f3 que desde el 2015 cuentan con la asistencia de las profesoras Romina Barrionuevo y Marisol Otazo y con el acompa\u00f1amiento el asesor Domingo Figueroa. Y agreg\u00f3 que actualmente est\u00e1 compuesto por 34 ni\u00f1os entre seis y 19 a\u00f1os.<\/p>\n\n\n\n<p>Finalmente, esboz\u00f3 con alegr\u00eda que este nuevo aniversario ser\u00e1 celebrado \u201ccon m\u00fasica\u201d.<\/p>\n","protected":false},"excerpt":{"rendered":"<p>En di\u00e1logo con la Agencia de Noticias Formosa (AGENFOR), expres\u00f3: \u201cCumple 14 a\u00f1os ininterrumpidos en el \u00e1mbito de la m\u00fasica coral\u201d y record\u00f3 que hizo su debut en el a\u00f1o 2008 en el Teatro de la Ciudad bajo la direcci\u00f3n del profesor Domingo Figueroa, con ella de asistente junto a Ernesto de Jes\u00fas Olmedo. Cabe [&hellip;]<\/p>\n","protected":false},"author":11,"featured_media":56680,"comment_status":"closed","ping_status":"closed","sticky":false,"template":"","format":"standard","meta":{"footnotes":""},"categories":[10],"tags":[],"class_list":["post-56675","post","type-post","status-publish","format-standard","has-post-thumbnail","hentry","category-cultura"],"_links":{"self":[{"href":"http:\/\/informeformosa.com.ar\/index.php?rest_route=\/wp\/v2\/posts\/56675","targetHints":{"allow":["GET"]}}],"collection":[{"href":"http:\/\/informeformosa.com.ar\/index.php?rest_route=\/wp\/v2\/posts"}],"about":[{"href":"http:\/\/informeformosa.com.ar\/index.php?rest_route=\/wp\/v2\/types\/post"}],"author":[{"embeddable":true,"href":"http:\/\/informeformosa.com.ar\/index.php?rest_route=\/wp\/v2\/users\/11"}],"replies":[{"embeddable":true,"href":"http:\/\/informeformosa.com.ar\/index.php?rest_route=%2Fwp%2Fv2%2Fcomments&post=56675"}],"version-history":[{"count":1,"href":"http:\/\/informeformosa.com.ar\/index.php?rest_route=\/wp\/v2\/posts\/56675\/revisions"}],"predecessor-version":[{"id":56681,"href":"http:\/\/informeformosa.com.ar\/index.php?rest_route=\/wp\/v2\/posts\/56675\/revisions\/56681"}],"wp:featuredmedia":[{"embeddable":true,"href":"http:\/\/informeformosa.com.ar\/index.php?rest_route=\/wp\/v2\/media\/56680"}],"wp:attachment":[{"href":"http:\/\/informeformosa.com.ar\/index.php?rest_route=%2Fwp%2Fv2%2Fmedia&parent=56675"}],"wp:term":[{"taxonomy":"category","embeddable":true,"href":"http:\/\/informeformosa.com.ar\/index.php?rest_route=%2Fwp%2Fv2%2Fcategories&post=56675"},{"taxonomy":"post_tag","embeddable":true,"href":"http:\/\/informeformosa.com.ar\/index.php?rest_route=%2Fwp%2Fv2%2Ftags&post=56675"}],"curies":[{"name":"wp","href":"https:\/\/api.w.org\/{rel}","templated":true}]}}