{"id":56674,"date":"2022-06-24T18:27:39","date_gmt":"2022-06-24T21:27:39","guid":{"rendered":"http:\/\/informeformosa.com.ar\/?p=56674"},"modified":"2022-06-24T18:28:00","modified_gmt":"2022-06-24T21:28:00","slug":"sostienen-que-formosa-cuenta-con-la-infraestructura-necesaria-para-diagnosticar-y-tratar-la-enfermedad-de-ela","status":"publish","type":"post","link":"http:\/\/informeformosa.com.ar\/?p=56674","title":{"rendered":"Sostienen que Formosa cuenta con la infraestructura necesaria para diagnosticar y tratar la enfermedad de ELA"},"content":{"rendered":"\n<p>En testimonios recogidos por la <strong>Agencia de Noticias Formosa (AGENFOR)<\/strong>, el profesional explic\u00f3 que \u201cdos de cada 100 mil habitantes pueden llegar a tenerla y viven de siete a diez personas con el diagn\u00f3stico de esta enfermedad\u201d.<\/p>\n\n\n\n<p>Manifest\u00f3 que \u201cla palabra esclerosis significa atrofia o degeneraci\u00f3n y, que en este caso, ser\u00eda de las c\u00e9lulas neuronales del cord\u00f3n lateral de la m\u00e9dula espinal, que es por donde pasan todas las ramas y las moto neuronas que son las neuronas que comandan la fuerza muscular motora\u201d.<\/p>\n\n\n\n<p>Ampli\u00f3 exponiendo que \u201cestas son las que se empiezan a degenerar hasta el lateral de la m\u00e9dula espinal y que luego, cl\u00ednicamente, producen una atrofia muscular que ser\u00eda la amiotrofia\u201d, confirmando que \u201cde all\u00ed viene desglosada la palabra Esclerosis Lateral Amiotrofia\u201d.<\/p>\n\n\n\n<p>\u201cEs una enfermedad neurogenerativa\u201d, describi\u00f3 y sostuvo que \u201csin duda est\u00e1 basada en condiciones gen\u00e9ticas que en alg\u00fan momento se codifican mal y hace que empiecen a manifestarse esta clase de patolog\u00edas\u201d.<\/p>\n\n\n\n<p>No obstante, llev\u00f3 tranquilidad al se\u00f1alar que \u201cno es heredable\u201d.<\/p>\n\n\n\n<p>Continu\u00f3 explicando que \u201cde manera lenta, de forma paulatina, cr\u00f3nica y progresivamente, las personas empiezan a perder las fuerzas y a presentar atrofias de los m\u00fasculos que pueden ser en los brazos, las piernas y en la musculatura involucrada en el habla o para tragar y alimentarse\u201d.<\/p>\n\n\n\n<p>Agreg\u00f3 que \u201cpuede manifestarse solamente con la debilidad de los miembros o al principio con debilidad bulbar, que es la que est\u00e1 en el bulbo raqu\u00eddeo, que es una parte del cerebro que controla la musculatura para hablar y deglutir\u201d.<\/p>\n\n\n\n<p>Respecto de la esperanza de vida, manifest\u00f3 que \u201ces un tema que impacta para hablar, pero es una realidad\u201d e hizo hincapi\u00e9 en que \u201cexisten distintas progresiones\u201d.<\/p>\n\n\n\n<p>En este punto, se refiri\u00f3 a que \u201cla m\u00e1s agresiva es aquella en la que cual, en el transcurso de dos o tres a\u00f1os suele deteriorarse de una forma r\u00e1pida\u201d, pero se mostr\u00f3 optimista al informar que \u201chay otras que tienen una progresi\u00f3n m\u00e1s lenta\u201d.<\/p>\n\n\n\n<p><strong>Fecha alusiva<\/strong><\/p>\n\n\n\n<p>Todos los 21 de junio se recuerda el \u201cD\u00eda Mundial contra la ELA\u201d con el objetivo de buscar generar conciencia sobre esta enfermedad que a\u00fan no tiene cura.<\/p>\n\n\n\n<p>Al respecto, el doctor declar\u00f3 a esta Agencia que \u201ceste d\u00eda es para impulsar la lucha, el desarrollo cient\u00edfico del tratamiento\u201d.<\/p>\n\n\n\n<p>Inform\u00f3 que \u201chay tratamientos farmacol\u00f3gicos y de rehabilitaci\u00f3n\u201d y detall\u00f3 que con respecto del primero \u201chay un par de mol\u00e9culas de tratamientos de f\u00e1rmacos que est\u00e1n aprobados\u201d, nombrando al \u201cRiluzol, que est\u00e1 comprobado que detiene temporalmente y frena la progresi\u00f3n de los s\u00edntomas\u201d.<\/p>\n\n\n\n<p>Seguidamente, esboz\u00f3 contundente que \u201ces fundamental una detecci\u00f3n temprana, porque la instauraci\u00f3n de un tratamiento en forma r\u00e1pida puede modificar considerablemente la calidad de vida de los pacientes\u201d.<\/p>\n\n\n\n<p>Finalmente, subray\u00f3 que \u201cenfermedad puede ser diagnosticada en la provincia, en el Hospital de Alta Complejidad, donde soy responsable del servicio\u201d.<\/p>\n\n\n\n<p>\u201cSe hacen diagn\u00f3sticos tanto de im\u00e1genes y estudios neurofisiol\u00f3gicos, con lo cual se llega a una determinaci\u00f3n con certeza de esta enfermedad y de esa forma podemos instaurar un tratamiento adecuado e individualizado para estos pacientes\u201d, resalt\u00f3.<\/p>\n\n\n\n<p>E insisti\u00f3 al a\u00f1adir que \u201cgracias a la gesti\u00f3n hospitalaria de la provincia, nuestro sistema p\u00fablico de salud est\u00e1 preparado y contamos con la infraestructura necesaria para hacer diagn\u00f3sticos y el tratamiento completo de rehabilitaci\u00f3n en el Hospital del Alta Complejidad\u201d.<\/p>\n\n\n\n<p>\u201cEstamos preparados, no necesitamos realizar derivaciones, ya que brindamos el m\u00e1ximo apoyo para que el paciente pueda tener el mejor tratamiento y a la vez preservar y mejorar su calidad de vida\u201d, cerr\u00f3.<\/p>\n","protected":false},"excerpt":{"rendered":"<p>En testimonios recogidos por la Agencia de Noticias Formosa (AGENFOR), el profesional explic\u00f3 que \u201cdos de cada 100 mil habitantes pueden llegar a tenerla y viven de siete a diez personas con el diagn\u00f3stico de esta enfermedad\u201d. Manifest\u00f3 que \u201cla palabra esclerosis significa atrofia o degeneraci\u00f3n y, que en este caso, ser\u00eda de las c\u00e9lulas [&hellip;]<\/p>\n","protected":false},"author":11,"featured_media":56678,"comment_status":"closed","ping_status":"closed","sticky":false,"template":"","format":"standard","meta":{"footnotes":""},"categories":[12],"tags":[],"class_list":["post-56674","post","type-post","status-publish","format-standard","has-post-thumbnail","hentry","category-salud"],"_links":{"self":[{"href":"http:\/\/informeformosa.com.ar\/index.php?rest_route=\/wp\/v2\/posts\/56674","targetHints":{"allow":["GET"]}}],"collection":[{"href":"http:\/\/informeformosa.com.ar\/index.php?rest_route=\/wp\/v2\/posts"}],"about":[{"href":"http:\/\/informeformosa.com.ar\/index.php?rest_route=\/wp\/v2\/types\/post"}],"author":[{"embeddable":true,"href":"http:\/\/informeformosa.com.ar\/index.php?rest_route=\/wp\/v2\/users\/11"}],"replies":[{"embeddable":true,"href":"http:\/\/informeformosa.com.ar\/index.php?rest_route=%2Fwp%2Fv2%2Fcomments&post=56674"}],"version-history":[{"count":1,"href":"http:\/\/informeformosa.com.ar\/index.php?rest_route=\/wp\/v2\/posts\/56674\/revisions"}],"predecessor-version":[{"id":56677,"href":"http:\/\/informeformosa.com.ar\/index.php?rest_route=\/wp\/v2\/posts\/56674\/revisions\/56677"}],"wp:featuredmedia":[{"embeddable":true,"href":"http:\/\/informeformosa.com.ar\/index.php?rest_route=\/wp\/v2\/media\/56678"}],"wp:attachment":[{"href":"http:\/\/informeformosa.com.ar\/index.php?rest_route=%2Fwp%2Fv2%2Fmedia&parent=56674"}],"wp:term":[{"taxonomy":"category","embeddable":true,"href":"http:\/\/informeformosa.com.ar\/index.php?rest_route=%2Fwp%2Fv2%2Fcategories&post=56674"},{"taxonomy":"post_tag","embeddable":true,"href":"http:\/\/informeformosa.com.ar\/index.php?rest_route=%2Fwp%2Fv2%2Ftags&post=56674"}],"curies":[{"name":"wp","href":"https:\/\/api.w.org\/{rel}","templated":true}]}}