{"id":56669,"date":"2022-06-23T12:34:00","date_gmt":"2022-06-23T15:34:00","guid":{"rendered":"http:\/\/informeformosa.com.ar\/?p=56669"},"modified":"2022-06-24T00:47:17","modified_gmt":"2022-06-24T03:47:17","slug":"insfran-recibio-a-pietragalla","status":"publish","type":"post","link":"http:\/\/informeformosa.com.ar\/?p=56669","title":{"rendered":"<strong>Insfr\u00e1n recibi\u00f3 a Pietragalla<\/strong>"},"content":{"rendered":"\n<p>El gobernador de Formosa, Gildo Insfr\u00e1n, recibi\u00f3 este jueves en su despacho de Casa de Gobierno al Secretario de Derechos Humanos de la Naci\u00f3n, Horacio Pietragalla Corti.<\/p>\n\n\n\n<p>Participaron tambi\u00e9n de la reuni\u00f3n la Subsecretaria de Promoci\u00f3n de Derechos Humanos de Naci\u00f3n, Natalia Barreiro, y la Subsecretaria de Derechos Humanos de Formosa, Silvyna Arauz.<\/p>\n\n\n\n<p>Durante el encuentro abordaron el convenio que se firmar\u00e1 entre la secretar\u00eda y el ministerio de Gobierno local, de coordinaci\u00f3n y cooperaci\u00f3n para desarrollar capacitaciones a las fuerzas policiales en materia de derechos humanos.<\/p>\n\n\n\n<p>Adem\u00e1s dialogaron sobre la participaci\u00f3n institucional del organismo nacional en el inicio del juicio por cr\u00edmenes de lesa humanidad a exjueces del Superior Tribunal de Justicia por su accionar durante la \u00faltima dictadura militar, como as\u00ed tambi\u00e9n el apoyo provincial que se brinda a trav\u00e9s de la Subsecretar\u00eda de Derechos Humanos.<\/p>\n","protected":false},"excerpt":{"rendered":"<p>El gobernador de Formosa, Gildo Insfr\u00e1n, recibi\u00f3 este jueves en su despacho de Casa de Gobierno al Secretario de Derechos Humanos de la Naci\u00f3n, Horacio Pietragalla Corti. Participaron tambi\u00e9n de la reuni\u00f3n la Subsecretaria de Promoci\u00f3n de Derechos Humanos de Naci\u00f3n, Natalia Barreiro, y la Subsecretaria de Derechos Humanos de Formosa, Silvyna Arauz. Durante el [&hellip;]<\/p>\n","protected":false},"author":11,"featured_media":56670,"comment_status":"closed","ping_status":"closed","sticky":false,"template":"","format":"standard","meta":{"footnotes":""},"categories":[6],"tags":[],"class_list":["post-56669","post","type-post","status-publish","format-standard","has-post-thumbnail","hentry","category-nacionales"],"_links":{"self":[{"href":"http:\/\/informeformosa.com.ar\/index.php?rest_route=\/wp\/v2\/posts\/56669","targetHints":{"allow":["GET"]}}],"collection":[{"href":"http:\/\/informeformosa.com.ar\/index.php?rest_route=\/wp\/v2\/posts"}],"about":[{"href":"http:\/\/informeformosa.com.ar\/index.php?rest_route=\/wp\/v2\/types\/post"}],"author":[{"embeddable":true,"href":"http:\/\/informeformosa.com.ar\/index.php?rest_route=\/wp\/v2\/users\/11"}],"replies":[{"embeddable":true,"href":"http:\/\/informeformosa.com.ar\/index.php?rest_route=%2Fwp%2Fv2%2Fcomments&post=56669"}],"version-history":[{"count":1,"href":"http:\/\/informeformosa.com.ar\/index.php?rest_route=\/wp\/v2\/posts\/56669\/revisions"}],"predecessor-version":[{"id":56671,"href":"http:\/\/informeformosa.com.ar\/index.php?rest_route=\/wp\/v2\/posts\/56669\/revisions\/56671"}],"wp:featuredmedia":[{"embeddable":true,"href":"http:\/\/informeformosa.com.ar\/index.php?rest_route=\/wp\/v2\/media\/56670"}],"wp:attachment":[{"href":"http:\/\/informeformosa.com.ar\/index.php?rest_route=%2Fwp%2Fv2%2Fmedia&parent=56669"}],"wp:term":[{"taxonomy":"category","embeddable":true,"href":"http:\/\/informeformosa.com.ar\/index.php?rest_route=%2Fwp%2Fv2%2Fcategories&post=56669"},{"taxonomy":"post_tag","embeddable":true,"href":"http:\/\/informeformosa.com.ar\/index.php?rest_route=%2Fwp%2Fv2%2Ftags&post=56669"}],"curies":[{"name":"wp","href":"https:\/\/api.w.org\/{rel}","templated":true}]}}