{"id":56653,"date":"2022-06-23T18:36:17","date_gmt":"2022-06-23T21:36:17","guid":{"rendered":"http:\/\/informeformosa.com.ar\/?p=56653"},"modified":"2022-06-23T18:36:17","modified_gmt":"2022-06-23T21:36:17","slug":"%ef%bf%bcciclo-de-cinecinemaestro","status":"publish","type":"post","link":"http:\/\/informeformosa.com.ar\/?p=56653","title":{"rendered":"\ufffcCiclo de cine\u201cCinemaestro\u201d"},"content":{"rendered":"\n<p>En estaprimera proyecci\u00f3n, el viernes 24de junio, tendr\u00e1 como apertura en las instalaciones delCentro Cultural Independiente\u201cLa Mandinga\u201d, a partir de las 21 horas.<\/p>\n\n\n\n<p>La pel\u00edcula argentina \u201cAzul El Mar\u201d, dirigida por Sabrina Moreno y producida por la querida Paola Su\u00e1rez, fue la seleccionada para proyectarse como primera funci\u00f3n.<\/p>\n\n\n\n<p>En ella desempe\u00f1\u00f3 el rol de direcci\u00f3n de Fotograf\u00edaSebasti\u00e1n Ferrero, (profesor de la ENERC NEA en la materia de Foto), quien estar\u00e1 presente para un posterior debate. Tambi\u00e9n integra el staff la docente de Seminario de C\u00e1mara, Magal\u00ed M\u00e9rida, que realiz\u00f3 el rol de foquista, y la egresada de la Sede, Melanie Castellini, quien trabaj\u00f3 en foto fija.<\/p>\n\n\n\n<p>Con el objetivo defortalecer el Departamento de Arte de la Escuela de Cine ENERC NEA, se solicitar\u00e1 como entrada al ciclo una donaci\u00f3n, que podr\u00e1 ser ropa, accesorios, objetos, pinturas, pinceles, muebles y\/o aquello que quieran donar (en buen estado), ya que se usar\u00e1 en los rodajes de la Escuela.<\/p>\n\n\n\n<p>Los objetivosdel ciclo son favorecer el encuentro con el resto de la sociedad yel di\u00e1logo del p\u00fablico con el sector audiovisual,formar un enfoque y sentido social, visibilizandola Escuela de Cine en Formosa.<\/p>\n\n\n\n<p>El ciclo continuar\u00e1 todos los viernes durante el mes de julio en el Centro Cultural \u201cLa Mandinga\u201dcon las proyecciones de: \u201cSerie soy Real\u201d, AlineMoscato (1\u00b0 de julio), \u201cLa Namqom\u201d, Jessica Beard (8 de julio), \u201cParan\u00e1, historias de un r\u00edo\u201d, Juan Richieri (15 de julio), y se realizar\u00e1 en articulaci\u00f3n con el \u00e1rea de Cine M\u00f3vil dependiente de la Subsecretar\u00eda de Cultura de la provincia.<\/p>\n","protected":false},"excerpt":{"rendered":"<p>En estaprimera proyecci\u00f3n, el viernes 24de junio, tendr\u00e1 como apertura en las instalaciones delCentro Cultural Independiente\u201cLa Mandinga\u201d, a partir de las 21 horas. La pel\u00edcula argentina \u201cAzul El Mar\u201d, dirigida por Sabrina Moreno y producida por la querida Paola Su\u00e1rez, fue la seleccionada para proyectarse como primera funci\u00f3n. En ella desempe\u00f1\u00f3 el rol de direcci\u00f3n [&hellip;]<\/p>\n","protected":false},"author":11,"featured_media":56660,"comment_status":"closed","ping_status":"closed","sticky":false,"template":"","format":"standard","meta":{"footnotes":""},"categories":[10],"tags":[],"class_list":["post-56653","post","type-post","status-publish","format-standard","has-post-thumbnail","hentry","category-cultura"],"_links":{"self":[{"href":"http:\/\/informeformosa.com.ar\/index.php?rest_route=\/wp\/v2\/posts\/56653","targetHints":{"allow":["GET"]}}],"collection":[{"href":"http:\/\/informeformosa.com.ar\/index.php?rest_route=\/wp\/v2\/posts"}],"about":[{"href":"http:\/\/informeformosa.com.ar\/index.php?rest_route=\/wp\/v2\/types\/post"}],"author":[{"embeddable":true,"href":"http:\/\/informeformosa.com.ar\/index.php?rest_route=\/wp\/v2\/users\/11"}],"replies":[{"embeddable":true,"href":"http:\/\/informeformosa.com.ar\/index.php?rest_route=%2Fwp%2Fv2%2Fcomments&post=56653"}],"version-history":[{"count":1,"href":"http:\/\/informeformosa.com.ar\/index.php?rest_route=\/wp\/v2\/posts\/56653\/revisions"}],"predecessor-version":[{"id":56661,"href":"http:\/\/informeformosa.com.ar\/index.php?rest_route=\/wp\/v2\/posts\/56653\/revisions\/56661"}],"wp:featuredmedia":[{"embeddable":true,"href":"http:\/\/informeformosa.com.ar\/index.php?rest_route=\/wp\/v2\/media\/56660"}],"wp:attachment":[{"href":"http:\/\/informeformosa.com.ar\/index.php?rest_route=%2Fwp%2Fv2%2Fmedia&parent=56653"}],"wp:term":[{"taxonomy":"category","embeddable":true,"href":"http:\/\/informeformosa.com.ar\/index.php?rest_route=%2Fwp%2Fv2%2Fcategories&post=56653"},{"taxonomy":"post_tag","embeddable":true,"href":"http:\/\/informeformosa.com.ar\/index.php?rest_route=%2Fwp%2Fv2%2Ftags&post=56653"}],"curies":[{"name":"wp","href":"https:\/\/api.w.org\/{rel}","templated":true}]}}