{"id":56650,"date":"2022-06-23T18:35:15","date_gmt":"2022-06-23T21:35:15","guid":{"rendered":"http:\/\/informeformosa.com.ar\/?p=56650"},"modified":"2022-06-23T18:35:15","modified_gmt":"2022-06-23T21:35:15","slug":"%ef%bf%bcresaltan-firma-de-convenio-para-avanzar-en-metas-de-desarrollo-sostenible-de-la-agenda-2030","status":"publish","type":"post","link":"http:\/\/informeformosa.com.ar\/?p=56650","title":{"rendered":"\ufffcResaltan firma de convenio para avanzar en metas de desarrollo sostenible de la Agenda 2030"},"content":{"rendered":"\n<p>Al respecto, en testimonios recabados por la <strong>Agencia de Noticias Formosa (AGENFOR),<\/strong> De la Rosa manifest\u00f3: \u201cEsta agenda consiste en llevar a cabo desde el 2015 17 Objetivos de Desarrollo Sostenible (ODS)\u201d.<\/p>\n\n\n\n<p>Cabe se\u00f1alar que los ODS tambi\u00e9n conocidos como Objetivos Globales, fueron adoptados por las Naciones Unidas en 2015 como un llamamiento universal para poner fin a la pobreza, proteger el planeta y garantizar que para el 2030 todas las personas disfruten de paz y prosperidad.<\/p>\n\n\n\n<p>En ese sentido, la funcionaria record\u00f3 que a fines de ese a\u00f1o, \u201clos pa\u00edses del mundo se pusieron de acuerdo, firmaron y se suscribieron a este acuerdo y decidieron que todas las pol\u00edticas p\u00fablicas que tienen que ver con el desarrollo econ\u00f3mico, social y ambiental, pr\u00e1cticamente pod\u00edan ser definidas en 17 ODS\u201d.<\/p>\n\n\n\n<p>En la misma l\u00ednea, ampli\u00f3: \u201cEllo empieza desde el fin de la pobreza, pasa por el hambre cero, la igualdad de g\u00e9nero, las pol\u00edticas p\u00fablicas de salud y educaci\u00f3n y un ambiente sustentable\u201d.<\/p>\n\n\n\n<p>\u201cEn estos 17 ODS, que a su vez tienen metas que son aproximadamente 169 y que hay que cumplirlas y monitorearlas, hay un poco m\u00e1s de 230 indicadores determinados necesarios por los pa\u00edses del mundo para el desarrollo econ\u00f3mico social y ambiental y que se deber\u00edan cumplir al final del 2030\u201d, expuso.<\/p>\n\n\n\n<p>Tambi\u00e9n, record\u00f3 que \u201cel que firma ese convenio es la Naci\u00f3n\u201d y remarc\u00f3 que \u201cla Argentina es un pa\u00eds federal, as\u00ed que si queremos contribuir en esas metas y adoptar esos indicadores de Naciones Unidas, obviamente las provincias y los Municipios tienen un rol fundamental\u201d.<\/p>\n\n\n\n<p>\u201cCon este convenio que ha firmado el Gobernador, la provincia se incorpora a esta Agenda 2030 de las Naciones Unidas y va ayudar a la Naci\u00f3n a monitorear el cumplimiento de esos 17 ODS y de esas metas que conllevan a los objetivos\u201d, se\u00f1al\u00f3.<\/p>\n\n\n\n<p>En este punto, record\u00f3 que \u201cen Formosa hace mucho se hacen pol\u00edticas p\u00fablicas muy buenas\u201d y subray\u00f3 que \u201cincluso la presidenta del Consejo Nacional de Coordinaci\u00f3n de Pol\u00edticas Sociales plante\u00f3 que desde Naci\u00f3n hab\u00eda una mirada de admiraci\u00f3n hacia la provincia y hasta la necesidad de venir y ver c\u00f3mo se organiza, por ejemplo un OPNGT o el PAIPPA que significa un cambio estructural y revolucionario en la econom\u00eda rural de la provincia\u201d.<\/p>\n\n\n\n<p>\u201cHay muchos aspectos importantes y creo que la provincia va a colaborar en estas cuestiones, porque todos queremos el desarrollo sostenible del mundo, de la Argentina y por supuesto de Formosa\u201d, realz\u00f3.<\/p>\n\n\n\n<p>Y avanz\u00f3 diciendo que \u201cen la provincia se hacen muchas pol\u00edticas p\u00fablicas muy importantes y con este convenio y la incorporaci\u00f3n en el monitoreo de los 17 ODS y sus respectivas metas, tambi\u00e9n puede mostrar sus logros, a partir de esas metas e indicadores\u201d, cerr\u00f3.<\/p>\n","protected":false},"excerpt":{"rendered":"<p>Al respecto, en testimonios recabados por la Agencia de Noticias Formosa (AGENFOR), De la Rosa manifest\u00f3: \u201cEsta agenda consiste en llevar a cabo desde el 2015 17 Objetivos de Desarrollo Sostenible (ODS)\u201d. Cabe se\u00f1alar que los ODS tambi\u00e9n conocidos como Objetivos Globales, fueron adoptados por las Naciones Unidas en 2015 como un llamamiento universal para [&hellip;]<\/p>\n","protected":false},"author":11,"featured_media":56657,"comment_status":"closed","ping_status":"closed","sticky":false,"template":"","format":"standard","meta":{"footnotes":""},"categories":[21],"tags":[],"class_list":["post-56650","post","type-post","status-publish","format-standard","has-post-thumbnail","hentry","category-provinciales"],"_links":{"self":[{"href":"http:\/\/informeformosa.com.ar\/index.php?rest_route=\/wp\/v2\/posts\/56650","targetHints":{"allow":["GET"]}}],"collection":[{"href":"http:\/\/informeformosa.com.ar\/index.php?rest_route=\/wp\/v2\/posts"}],"about":[{"href":"http:\/\/informeformosa.com.ar\/index.php?rest_route=\/wp\/v2\/types\/post"}],"author":[{"embeddable":true,"href":"http:\/\/informeformosa.com.ar\/index.php?rest_route=\/wp\/v2\/users\/11"}],"replies":[{"embeddable":true,"href":"http:\/\/informeformosa.com.ar\/index.php?rest_route=%2Fwp%2Fv2%2Fcomments&post=56650"}],"version-history":[{"count":1,"href":"http:\/\/informeformosa.com.ar\/index.php?rest_route=\/wp\/v2\/posts\/56650\/revisions"}],"predecessor-version":[{"id":56658,"href":"http:\/\/informeformosa.com.ar\/index.php?rest_route=\/wp\/v2\/posts\/56650\/revisions\/56658"}],"wp:featuredmedia":[{"embeddable":true,"href":"http:\/\/informeformosa.com.ar\/index.php?rest_route=\/wp\/v2\/media\/56657"}],"wp:attachment":[{"href":"http:\/\/informeformosa.com.ar\/index.php?rest_route=%2Fwp%2Fv2%2Fmedia&parent=56650"}],"wp:term":[{"taxonomy":"category","embeddable":true,"href":"http:\/\/informeformosa.com.ar\/index.php?rest_route=%2Fwp%2Fv2%2Fcategories&post=56650"},{"taxonomy":"post_tag","embeddable":true,"href":"http:\/\/informeformosa.com.ar\/index.php?rest_route=%2Fwp%2Fv2%2Ftags&post=56650"}],"curies":[{"name":"wp","href":"https:\/\/api.w.org\/{rel}","templated":true}]}}