{"id":56641,"date":"2022-06-23T18:26:58","date_gmt":"2022-06-23T21:26:58","guid":{"rendered":"http:\/\/informeformosa.com.ar\/?p=56641"},"modified":"2022-06-23T18:26:58","modified_gmt":"2022-06-23T21:26:58","slug":"dariokrimer-brindara-un-concierto-adhesiona-los-festejos-por-los-67-anos-de-la-provincializacion%ef%bf%bc","status":"publish","type":"post","link":"http:\/\/informeformosa.com.ar\/?p=56641","title":{"rendered":"DarioKrimer brindar\u00e1 un concierto adhesi\u00f3na los festejos por los 67 a\u00f1os de la provincializaci\u00f3n\ufffc"},"content":{"rendered":"\n<p>El espect\u00e1culo comenzar\u00e1 a las 20.30 horas en el Teatro de la Ciudad y cuenta con los auspicios del gobierno de la provincia a trav\u00e9s del ministerio de Cultura y Educaci\u00f3n y de la subsecretar\u00eda de Cultura.<\/p>\n\n\n\n<p>Seg\u00fan lo manifestara el propio interprete, regresa a su tierra para devolver con canciones todo lo que Formosa le dio y le sigue dando, en v\u00edsperas de un acontecimiento que constituye uno de los hitos hist\u00f3ricos y culturales cuales es la evocaci\u00f3n de la gesta de la Provincializaci\u00f3n.<\/p>\n\n\n\n<p>En su agenda musical incluye la interpretaci\u00f3n de varios temas de autores formose\u00f1os.<\/p>\n\n\n\n<p>As\u00ed por ejemplo, se apresta a <a><\/a>cantar, \u201cVolver a Formosa\u201d, de Hugo Aveiro; \u201cEstoy en mi pueblo\u201d, de Beto Salas; \u201cEl r\u00edo y la vida\u201d, de \u00c1ngel Colman y \u201cVengo de all\u00e1 it\u00e9\u201d, de Paly Ben\u00edtez.<\/p>\n\n\n\n<p>Lo acompa\u00f1ar\u00e1 un conjunto dirigido musicalmente por Pablo Irala e integrado por Pedro Ortiz, Fredy Zamudio, LysisL\u00e9pez y Arnaldo Figueredo.<\/p>\n\n\n\n<p>Como m\u00fasicos invitados, se sumar\u00e1n al espect\u00e1culo integrantes del Taller de Arpas \u00abFormar Arpegio\u00bb de la Direcci\u00f3n de Acci\u00f3n Cultural representado esta vez por Bruno S\u00e1nchez, AramiMonges Ovando y Ezequiel Aranda, previ\u00e9ndose , tambi\u00e9n, la actuaci\u00f3n de Yanina Godoy.<\/p>\n\n\n\n<p>Krimer privilegia en su repertorio temas de autores identificados con la cultura propia y que se encargan de relatar sentimentalmente las caracter\u00edsticas del formose\u00f1o de la ciudad y del interior, sus paisajes y los sue\u00f1os personales y comunitarios.<\/p>\n\n\n\n<p>La entrada al concierto del s\u00e1bado 25 ser\u00e1 libre y gratuita.<\/p>\n","protected":false},"excerpt":{"rendered":"<p>El espect\u00e1culo comenzar\u00e1 a las 20.30 horas en el Teatro de la Ciudad y cuenta con los auspicios del gobierno de la provincia a trav\u00e9s del ministerio de Cultura y Educaci\u00f3n y de la subsecretar\u00eda de Cultura. Seg\u00fan lo manifestara el propio interprete, regresa a su tierra para devolver con canciones todo lo que Formosa [&hellip;]<\/p>\n","protected":false},"author":11,"featured_media":56648,"comment_status":"closed","ping_status":"closed","sticky":false,"template":"","format":"standard","meta":{"footnotes":""},"categories":[10],"tags":[],"class_list":["post-56641","post","type-post","status-publish","format-standard","has-post-thumbnail","hentry","category-cultura"],"_links":{"self":[{"href":"http:\/\/informeformosa.com.ar\/index.php?rest_route=\/wp\/v2\/posts\/56641","targetHints":{"allow":["GET"]}}],"collection":[{"href":"http:\/\/informeformosa.com.ar\/index.php?rest_route=\/wp\/v2\/posts"}],"about":[{"href":"http:\/\/informeformosa.com.ar\/index.php?rest_route=\/wp\/v2\/types\/post"}],"author":[{"embeddable":true,"href":"http:\/\/informeformosa.com.ar\/index.php?rest_route=\/wp\/v2\/users\/11"}],"replies":[{"embeddable":true,"href":"http:\/\/informeformosa.com.ar\/index.php?rest_route=%2Fwp%2Fv2%2Fcomments&post=56641"}],"version-history":[{"count":1,"href":"http:\/\/informeformosa.com.ar\/index.php?rest_route=\/wp\/v2\/posts\/56641\/revisions"}],"predecessor-version":[{"id":56649,"href":"http:\/\/informeformosa.com.ar\/index.php?rest_route=\/wp\/v2\/posts\/56641\/revisions\/56649"}],"wp:featuredmedia":[{"embeddable":true,"href":"http:\/\/informeformosa.com.ar\/index.php?rest_route=\/wp\/v2\/media\/56648"}],"wp:attachment":[{"href":"http:\/\/informeformosa.com.ar\/index.php?rest_route=%2Fwp%2Fv2%2Fmedia&parent=56641"}],"wp:term":[{"taxonomy":"category","embeddable":true,"href":"http:\/\/informeformosa.com.ar\/index.php?rest_route=%2Fwp%2Fv2%2Fcategories&post=56641"},{"taxonomy":"post_tag","embeddable":true,"href":"http:\/\/informeformosa.com.ar\/index.php?rest_route=%2Fwp%2Fv2%2Ftags&post=56641"}],"curies":[{"name":"wp","href":"https:\/\/api.w.org\/{rel}","templated":true}]}}