{"id":56638,"date":"2022-06-23T18:20:33","date_gmt":"2022-06-23T21:20:33","guid":{"rendered":"http:\/\/informeformosa.com.ar\/?p=56638"},"modified":"2022-06-23T18:20:33","modified_gmt":"2022-06-23T21:20:33","slug":"%ef%bf%bcponen-en-valor-el-abordaje-integrado-e-integral-de-la-problematica-de-las-adicciones","status":"publish","type":"post","link":"http:\/\/informeformosa.com.ar\/?p=56638","title":{"rendered":"\ufffcPonen en valor el abordaje integrado e integral de la problem\u00e1tica de las adicciones"},"content":{"rendered":"\n<p>El administrador general del Instituto de Investigaci\u00f3n, Asistencia y Prevenci\u00f3n de las Adicciones (IAPA), el licenciado Marcelo Kremis, y el subsecretario de Lucha contra el Narcocrimen, el comisario general retirado Juan Bernab\u00e9 Escobar, aludieron al D\u00eda Internacional de la Lucha contra el Uso Indebido y el Tr\u00e1fico Il\u00edcito de Drogas.<\/p>\n\n\n\n<p>La ONU conmemora dicha fecha cada 26 de junio para reforzar la acci\u00f3n y la cooperaci\u00f3n por una sociedad libre de drogas. Desde su aprobaci\u00f3n en 1987,&nbsp; este d\u00eda pretende reunir a individuos, comunidades y organizaciones en todo el mundo para crear conciencia sobre el importante problema que las drogas il\u00edcitas representan para la sociedad.<\/p>\n\n\n\n<p>Al respecto, en declaraciones a <strong>AGENFOR,<\/strong> el titular del IAPA manifest\u00f3 que \u201ccomo todas las fechas, los d\u00edas internacionales son para destacar un trabajo que en realidad se viene haciendo durante todo el a\u00f1o\u201d.<\/p>\n\n\n\n<p>Adem\u00e1s, hizo notar que la oportunidad tambi\u00e9n es propicia para \u201cponer \u00e9nfasis en la importancia de las pol\u00edticas p\u00fablicas que viene realizando el Gobierno provincial en esta materia\u201d.<\/p>\n\n\n\n<p>Subray\u00f3 que se trata de \u201cun trabajo integral e integrado\u201d, donde \u201cno solamente act\u00faan estas \u00e1reas que nosotros tenemos a cargo, sino todas las esferas del Estado provincial que accionan de manera coordinada\u201d a los efectos de \u201cpoder generar las mejores condiciones de vida para la poblaci\u00f3n y tambi\u00e9n asistir a aquellas familias que lamentablemente se encuentran transitando una situaci\u00f3n de dificultad porque alguno de sus integrantes se encuentra afectado\u201d por el consumo problem\u00e1tico de una adicci\u00f3n.<\/p>\n\n\n\n<p>A su turno, el subsecretario Escobar consider\u00f3 importante clarificar que \u201cel narcotr\u00e1fico es una actividad ilegal que se genera a trav\u00e9s de una organizaci\u00f3n criminal\u201d.<\/p>\n\n\n\n<p>Y describi\u00f3 que \u201chay tr\u00e1ficos que son l\u00edcitos y otros il\u00edcitos\u201d, explicando que \u201clo primero ser\u00eda por ejemplo traer medicamentos desde Buenos Aires y llevarlos a una farmacia para venderlos y en el segundo caso, el tr\u00e1fico de las drogas il\u00edcitas, las cuales se fabrican y producen en la ilegalidad, de manera que todo lo que se realiza con esas sustancias es ilegal\u201d.<\/p>\n\n\n\n<p>En cuanto al uso indebido, indic\u00f3 que \u201ctodos sabemos que el alcohol es una droga legal y socialmente aceptada\u201d, apuntando que \u201cest\u00e1 normada, porque los menores de 18 a\u00f1os no pueden consumirlo y hay horarios determinados en los lugares de venta\u201d, es decir que \u201cson normas que el Estado dicta para regular el consumo de esa sustancia legal\u201d.<\/p>\n\n\n\n<p>En ese sentido, \u201caprovechando este d\u00eda internacional que se defini\u00f3 en el mundo, donde los pa\u00edses miembros se comprometen a luchar contra estos problemas, debe definirse bien que las sustancias l\u00edcitas que se utilizan y se suministran de un modo indebido traen problemas\u201d, enunci\u00f3, mencionando tanto al alcohol como a los psicof\u00e1rmacos.<\/p>\n\n\n\n<p><strong>Decisi\u00f3n pol\u00edtica<\/strong><\/p>\n\n\n\n<p>A su vez, ponder\u00f3 \u201cla decisi\u00f3n pol\u00edtica del Gobierno de Formosa que tom\u00f3 el abordaje integral e integrado de esta problem\u00e1tica en toda la provincia, con los sistemas de educaci\u00f3n, salud, seguridad, etc\u00e9tera\u201d.<\/p>\n\n\n\n<p>En la lucha contra el narcomenudeo, elogi\u00f3 \u201caquella decisi\u00f3n del 2015 de decir, a trav\u00e9s de una ley provincial, la N\u00ba 1627, que la provincia se suma a ese esfuerzo nacional, haciendo que las causas chicas de narcomenudeo sean investigadas y combatidas desde la Justicia Provincial\u201d.<\/p>\n\n\n\n<p>Dicha decisi\u00f3n pol\u00edtica \u201cgener\u00f3 mayor seguridad y un mejor est\u00e1ndar en la parte de la salud p\u00fablica, porque ese consumo indebido de las drogas l\u00edcitas e il\u00edcitas genera un problema de salud y tambi\u00e9n de seguridad p\u00fablica\u201d.<\/p>\n\n\n\n<p><strong>Asistencia y tratamiento<\/strong><\/p>\n\n\n\n<p>Seguidamente, el licenciado Kremis acot\u00f3 que \u201cel trabajo de asistencia y tratamiento de una persona que est\u00e1 en una situaci\u00f3n de consumo es un proceso de muy largo plazo. Es m\u00e1s, una adicci\u00f3n es considerada por la Organizaci\u00f3n Mundial de la Salud (OMS) como una problem\u00e1tica de salud cr\u00f3nica\u201d, expuso, marcando que \u201cesto quiere decir que la persona no se cura, sino que en todo caso aprende a convivir con ese problema y a tener la mejor calidad de vida posible\u201d.<\/p>\n\n\n\n<p>Para finalizar, subray\u00f3 que \u201cdesde que se puso en funcionamiento el Instituto IAPA por decisi\u00f3n del gobernador Gildo Insfr\u00e1n en el a\u00f1o 2016 hasta la fecha ya se han asistido a casi 4000 personas por este problema\u201d.<\/p>\n\n\n\n<p>\u201cActualmente hay casi 1000 que est\u00e1n siendo asistidas hoy en los distintos dispositivos que tiene el IAPA en los \u00e1mbitos de los Centros de D\u00eda, los Centros de Atenci\u00f3n Ambulatoria y la Comunidad Terap\u00e9utica en la localidad de Villafa\u00f1e\u201d, sostuvo, poniendo en valor que \u201cesto configura una red preventiva asistencial p\u00fablica, gratuita, accesible y abierta a todas las personas que la necesitan\u201d.<\/p>\n","protected":false},"excerpt":{"rendered":"<p>El administrador general del Instituto de Investigaci\u00f3n, Asistencia y Prevenci\u00f3n de las Adicciones (IAPA), el licenciado Marcelo Kremis, y el subsecretario de Lucha contra el Narcocrimen, el comisario general retirado Juan Bernab\u00e9 Escobar, aludieron al D\u00eda Internacional de la Lucha contra el Uso Indebido y el Tr\u00e1fico Il\u00edcito de Drogas. La ONU conmemora dicha fecha [&hellip;]<\/p>\n","protected":false},"author":11,"featured_media":56639,"comment_status":"closed","ping_status":"closed","sticky":false,"template":"","format":"standard","meta":{"footnotes":""},"categories":[21],"tags":[],"class_list":["post-56638","post","type-post","status-publish","format-standard","has-post-thumbnail","hentry","category-provinciales"],"_links":{"self":[{"href":"http:\/\/informeformosa.com.ar\/index.php?rest_route=\/wp\/v2\/posts\/56638","targetHints":{"allow":["GET"]}}],"collection":[{"href":"http:\/\/informeformosa.com.ar\/index.php?rest_route=\/wp\/v2\/posts"}],"about":[{"href":"http:\/\/informeformosa.com.ar\/index.php?rest_route=\/wp\/v2\/types\/post"}],"author":[{"embeddable":true,"href":"http:\/\/informeformosa.com.ar\/index.php?rest_route=\/wp\/v2\/users\/11"}],"replies":[{"embeddable":true,"href":"http:\/\/informeformosa.com.ar\/index.php?rest_route=%2Fwp%2Fv2%2Fcomments&post=56638"}],"version-history":[{"count":1,"href":"http:\/\/informeformosa.com.ar\/index.php?rest_route=\/wp\/v2\/posts\/56638\/revisions"}],"predecessor-version":[{"id":56640,"href":"http:\/\/informeformosa.com.ar\/index.php?rest_route=\/wp\/v2\/posts\/56638\/revisions\/56640"}],"wp:featuredmedia":[{"embeddable":true,"href":"http:\/\/informeformosa.com.ar\/index.php?rest_route=\/wp\/v2\/media\/56639"}],"wp:attachment":[{"href":"http:\/\/informeformosa.com.ar\/index.php?rest_route=%2Fwp%2Fv2%2Fmedia&parent=56638"}],"wp:term":[{"taxonomy":"category","embeddable":true,"href":"http:\/\/informeformosa.com.ar\/index.php?rest_route=%2Fwp%2Fv2%2Fcategories&post=56638"},{"taxonomy":"post_tag","embeddable":true,"href":"http:\/\/informeformosa.com.ar\/index.php?rest_route=%2Fwp%2Fv2%2Ftags&post=56638"}],"curies":[{"name":"wp","href":"https:\/\/api.w.org\/{rel}","templated":true}]}}