{"id":56634,"date":"2022-06-23T18:21:44","date_gmt":"2022-06-23T21:21:44","guid":{"rendered":"http:\/\/informeformosa.com.ar\/?p=56634"},"modified":"2022-06-23T18:21:44","modified_gmt":"2022-06-23T21:21:44","slug":"ojala-que-formosa-siga-construyendo-un-futuro-mejor-para-sus-hijos-anhela-gonzalez-lebron","status":"publish","type":"post","link":"http:\/\/informeformosa.com.ar\/?p=56634","title":{"rendered":"\u201cOjal\u00e1 que Formosa siga construyendo un futuro Mejor para sus hijos\u201d, anhela Gonz\u00e1lez Lebr\u00f3n"},"content":{"rendered":"\n<p>El destacado m\u00fasico formose\u00f1o, Aurelio \u201cLito\u201d Gonz\u00e1lez Lebr\u00f3n, manifest\u00f3 su adhesi\u00f3n a la celebraci\u00f3n de un nuevo aniversario de la Provincializaci\u00f3n y expres\u00f3 su anhelo que las nuevas generaciones puedan disfrutar de un futuro mejor en pleno proceso de evoluci\u00f3n, as\u00ed como tambi\u00e9n su satisfacci\u00f3n por observar la transformaci\u00f3n que ha registrado&nbsp; Formosa.<\/p>\n\n\n\n<p>Record\u00f3 que el acontecimiento ocurrido en 1955 lo sorprendi\u00f3 siendo alumno de la escuela primaria en la escuela n\u00famero 19 \u201cBenjam\u00edn Zorrilla\u201d para recordar que en esas jornadas en las aulas se habl\u00f3 de la gesti\u00f3n de la delegaci\u00f3n que visit\u00f3 al Presidente de la Naci\u00f3n para solicitarle esa anhelada posibilidad de ser los formose\u00f1os arquitectos de su propio destino.<\/p>\n\n\n\n<p>Gonz\u00e1lez Lebr\u00f3n evoca tambi\u00e9n los valores que le transmitieron los salesianos de la Obra de Don Bosco, sobre todo la figura del padre Jos\u00e9 Mar\u00eda Ortuondo que marcaron su personalidad que logr\u00f3 darle sentido a una vocaci\u00f3n nacida en el seno de la Agrupaci\u00f3n de Exploradores donde comenz\u00f3 su verdadera pasi\u00f3n por la m\u00fasica.<\/p>\n\n\n\n<p>\u201cNac\u00ed territoriano y me forj\u00e9 en la nueva realidad surgida de una Formosa independiente que le permiti\u00f3 tomar sus propias decisiones para elegir sus autoridades, elaborar sus planes de estudios y avanzar hacia un ordenamiento urbano que le hizo bien a nuestra capital\u201d, mencion\u00f3.<\/p>\n\n\n\n<p>\u201cLito\u201d, como lo llaman sus amigos a este destacado m\u00fasico formose\u00f1o, vive en Taiw\u00e1n desde 1973.<\/p>\n\n\n\n<p>\u201cF\u00edjese las causalidades, tuve que alejarme de mi Formosa natal para radicarme en la otra Formosa , tal el nombre hist\u00f3rico de Taiw\u00e1n, que me dio la posibilidad de aplicar las bondades de lo que ha sido mi profesi\u00f3n y mi pasi\u00f3n de toda la vida que es la m\u00fasica\u201d, dijo.<\/p>\n\n\n\n<p>\u201cLa inmensa distancia jam\u00e1s conspir\u00f3 contra mis profundos sentimientos devenidos de mi identidad cultural \u00edntegramente ligada a una Formosa que est\u00e1 grabada en mi alma y en mis m\u00e1s profundos sentimientos y esa es la raz\u00f3n por la que quer\u00eda sumarme a quienes lejos de ella en este D\u00eda de la Provincian\u00eda del 28 de junio seguimos plenamente cerca de ella desde nuestros afectos\u201d, refiri\u00f3.<\/p>\n\n\n\n<p>Gonz\u00e1lez&nbsp; Lebr\u00f3n record\u00f3 su paso durante muchos a\u00f1os por la afamada orquesta \u201cLos &nbsp;Latinos\u201d y tuvo conceptos elogiosos y de alto contenido afectivo para sus compa\u00f1eros, mencionando entre ellos a Saturnino L\u00f3pez, Pach\u00edn Mart\u00ednez Anad\u00f3n, Luis Ortiz, Carlos Delturco, Daniel Torales con quienes tuvo la satisfacci\u00f3n de recorrer la regi\u00f3n, el pa\u00eds y el Paraguay donde realizaron presentaciones memorables.<\/p>\n\n\n\n<p>Tambi\u00e9n cit\u00f3 los viajes a Buenos Aires , las grabaciones de discos y los tradicionales carnavales formose\u00f1os y de todo el Litoral donde tuvieron ocasi\u00f3n de actuar.<\/p>\n\n\n\n<p>\u201cLos Latinos fue una jerarquizada orquesta que se fortaleci\u00f3 y destac\u00f3 por la camarader\u00eda que exist\u00eda entre sus integrantes y que le permiti\u00f3 superar el medio siglo de actuaci\u00f3n con mucho \u00e9xito siempre\u201d, opina.<\/p>\n\n\n\n<p>No dej\u00f3 de mencionar su paso por la Banda de M\u00fasica del regimiento 29 de Infanter\u00eda de Monte&nbsp; con la que particip\u00f3 en actos patrios y acontecimientos ligados a la vida provincial y nacional.<\/p>\n\n\n\n<p>\u201cEl destino me gener\u00f3 la oportunidad de permitir que me realice desde mi profesi\u00f3n y pasi\u00f3n por la m\u00fasica y ha sido \u201cla otra Formosa\u201d la que me recibi\u00f3 con los brazos abiertos y donde vivo de la actuaci\u00f3n en teatros, fiestas p\u00fablicas y privadas acompa\u00f1ado de mi esposa y de amigos con los que presentamos el ritmo cadencioso de las canciones latinas que siempre atrae a una comunidad en la que est\u00e1n radicadas tambi\u00e9n muchas familias del continente americano\u201d, resalta.<\/p>\n\n\n\n<p><a><\/a>Finalmente, reiter\u00f3 sus deseos que Formosa no detenga su proceso de transformaci\u00f3n, as\u00ed como el de que las nuevas generaciones estudien y respondan a sus vocaciones porque de ese modo siempre podr\u00e1n acceder a espacios laborales que les permita ser \u00fatiles a su propia comunidad o a la que tengan como destino de vida habitar, tal cual es su caso.<\/p>\n","protected":false},"excerpt":{"rendered":"<p>El destacado m\u00fasico formose\u00f1o, Aurelio \u201cLito\u201d Gonz\u00e1lez Lebr\u00f3n, manifest\u00f3 su adhesi\u00f3n a la celebraci\u00f3n de un nuevo aniversario de la Provincializaci\u00f3n y expres\u00f3 su anhelo que las nuevas generaciones puedan disfrutar de un futuro mejor en pleno proceso de evoluci\u00f3n, as\u00ed como tambi\u00e9n su satisfacci\u00f3n por observar la transformaci\u00f3n que ha registrado&nbsp; Formosa. Record\u00f3 que [&hellip;]<\/p>\n","protected":false},"author":11,"featured_media":56642,"comment_status":"closed","ping_status":"closed","sticky":false,"template":"","format":"standard","meta":{"footnotes":""},"categories":[21],"tags":[],"class_list":["post-56634","post","type-post","status-publish","format-standard","has-post-thumbnail","hentry","category-provinciales"],"_links":{"self":[{"href":"http:\/\/informeformosa.com.ar\/index.php?rest_route=\/wp\/v2\/posts\/56634","targetHints":{"allow":["GET"]}}],"collection":[{"href":"http:\/\/informeformosa.com.ar\/index.php?rest_route=\/wp\/v2\/posts"}],"about":[{"href":"http:\/\/informeformosa.com.ar\/index.php?rest_route=\/wp\/v2\/types\/post"}],"author":[{"embeddable":true,"href":"http:\/\/informeformosa.com.ar\/index.php?rest_route=\/wp\/v2\/users\/11"}],"replies":[{"embeddable":true,"href":"http:\/\/informeformosa.com.ar\/index.php?rest_route=%2Fwp%2Fv2%2Fcomments&post=56634"}],"version-history":[{"count":1,"href":"http:\/\/informeformosa.com.ar\/index.php?rest_route=\/wp\/v2\/posts\/56634\/revisions"}],"predecessor-version":[{"id":56643,"href":"http:\/\/informeformosa.com.ar\/index.php?rest_route=\/wp\/v2\/posts\/56634\/revisions\/56643"}],"wp:featuredmedia":[{"embeddable":true,"href":"http:\/\/informeformosa.com.ar\/index.php?rest_route=\/wp\/v2\/media\/56642"}],"wp:attachment":[{"href":"http:\/\/informeformosa.com.ar\/index.php?rest_route=%2Fwp%2Fv2%2Fmedia&parent=56634"}],"wp:term":[{"taxonomy":"category","embeddable":true,"href":"http:\/\/informeformosa.com.ar\/index.php?rest_route=%2Fwp%2Fv2%2Fcategories&post=56634"},{"taxonomy":"post_tag","embeddable":true,"href":"http:\/\/informeformosa.com.ar\/index.php?rest_route=%2Fwp%2Fv2%2Ftags&post=56634"}],"curies":[{"name":"wp","href":"https:\/\/api.w.org\/{rel}","templated":true}]}}