{"id":56628,"date":"2022-06-23T18:12:56","date_gmt":"2022-06-23T21:12:56","guid":{"rendered":"http:\/\/informeformosa.com.ar\/?p=56628"},"modified":"2022-06-23T18:12:57","modified_gmt":"2022-06-23T21:12:57","slug":"se-lanzo-la-edicion-2022-del-canta-y-baila-la-ninez-adolescencia-juventud-y-adultos-formosenos","status":"publish","type":"post","link":"http:\/\/informeformosa.com.ar\/?p=56628","title":{"rendered":"Se lanz\u00f3 la edici\u00f3n 2022 del Canta y Baila la Ni\u00f1ez, Adolescencia, Juventud y Adultos Formose\u00f1os"},"content":{"rendered":"\n<p>Este jueves, en el Teatro de la Ciudad, se llev\u00f3 a cabo la edici\u00f3n 2022 de los Encuentros Escolares de Folclore Canta y Baila la Ni\u00f1ez, Adolescencia, Juventud y Adultos Formose\u00f1os \u201cMaestro Conrado Omar Leguizam\u00f3n\u201d.<\/p>\n\n\n\n<p>En ese marco, el coordinador del espacio, Jorge Far\u00edas, explic\u00f3 que se trata de un programa organizado por el Gobierno de la Provincia a trav\u00e9s del Ministerio de Cultura y Educaci\u00f3n,\u201cdonde participan alumnos de todos los niveles del sistema educativo provincial a trav\u00e9s de la danza, el canto, la m\u00fasica, el teatro, la copla, la poes\u00eda, todas las experiencias art\u00edsticas que tienen y est\u00e1n en las escuelas\u201d.<\/p>\n\n\n\n<p>\u201cComenzaron hoy y contin\u00faan hasta noviembre, porque no solamente se realiza aqu\u00ed en la Delegaci\u00f3n Formosa, sino a lo largo y ancho de toda la provincia a trav\u00e9s de las delegaciones zonales\u201d, indic\u00f3.<\/p>\n\n\n\n<p>Adem\u00e1s, el responsable expres\u00f3 que \u201cestamos muy contentos de volver a la presencialidad\u201d y agradeci\u00f3 el estatus sanitario de la provincia, como tambi\u00e9n la campa\u00f1a de vacunaci\u00f3n que se vine realizando para lograr la presencialidad en este tipo de encuentros.<\/p>\n\n\n\n<p>\u201cVamos a participar en cada sede y llegar con un provincial donde van a participar alumnos de toda la provincia y van a poder socializar con otros chicos de otras localidades a trav\u00e9s de esto que es el arte para compartir distintas experiencias\u201d, anticip\u00f3.<\/p>\n\n\n\n<p>Por su parte, la delegada zonal de la ciudad capital, Mirta Medina, valor\u00f3 el trabajo de los docentes de folclore que \u201cdeleitaron con sus tareas\u201d el lanzamiento del programa, ya que \u201cdemostraron todo lo que hacen en beneficio de nuestros ni\u00f1os y hemos disfrutado de un cuadro integrador por todas las escuelas de capital\u201d.<\/p>\n\n\n\n<p>\u201cAgradecerle a Dios y a la pol\u00edtica educativa y sanitaria de nuestro querido gobernador, quien es la persona que nos cuida y por eso podemos estar disfrutando ahora despu\u00e9s de dos a\u00f1os, donde se perdi\u00f3 muchas vidas, pero seguimos trabajando, valorando y disfrutando de esta apertura del Canta y Baila\u201d, manifest\u00f3.<\/p>\n\n\n\n<p>Por \u00faltimo, Medina se\u00f1al\u00f3 que son 69 las escuelas primarias con m\u00e1s de tres mil estudiantes que participan de la Delegaci\u00f3n Zonal Capital.<\/p>\n","protected":false},"excerpt":{"rendered":"<p>Este jueves, en el Teatro de la Ciudad, se llev\u00f3 a cabo la edici\u00f3n 2022 de los Encuentros Escolares de Folclore Canta y Baila la Ni\u00f1ez, Adolescencia, Juventud y Adultos Formose\u00f1os \u201cMaestro Conrado Omar Leguizam\u00f3n\u201d. En ese marco, el coordinador del espacio, Jorge Far\u00edas, explic\u00f3 que se trata de un programa organizado por el Gobierno [&hellip;]<\/p>\n","protected":false},"author":11,"featured_media":56632,"comment_status":"closed","ping_status":"closed","sticky":false,"template":"","format":"standard","meta":{"footnotes":""},"categories":[10],"tags":[],"class_list":["post-56628","post","type-post","status-publish","format-standard","has-post-thumbnail","hentry","category-cultura"],"_links":{"self":[{"href":"http:\/\/informeformosa.com.ar\/index.php?rest_route=\/wp\/v2\/posts\/56628","targetHints":{"allow":["GET"]}}],"collection":[{"href":"http:\/\/informeformosa.com.ar\/index.php?rest_route=\/wp\/v2\/posts"}],"about":[{"href":"http:\/\/informeformosa.com.ar\/index.php?rest_route=\/wp\/v2\/types\/post"}],"author":[{"embeddable":true,"href":"http:\/\/informeformosa.com.ar\/index.php?rest_route=\/wp\/v2\/users\/11"}],"replies":[{"embeddable":true,"href":"http:\/\/informeformosa.com.ar\/index.php?rest_route=%2Fwp%2Fv2%2Fcomments&post=56628"}],"version-history":[{"count":1,"href":"http:\/\/informeformosa.com.ar\/index.php?rest_route=\/wp\/v2\/posts\/56628\/revisions"}],"predecessor-version":[{"id":56633,"href":"http:\/\/informeformosa.com.ar\/index.php?rest_route=\/wp\/v2\/posts\/56628\/revisions\/56633"}],"wp:featuredmedia":[{"embeddable":true,"href":"http:\/\/informeformosa.com.ar\/index.php?rest_route=\/wp\/v2\/media\/56632"}],"wp:attachment":[{"href":"http:\/\/informeformosa.com.ar\/index.php?rest_route=%2Fwp%2Fv2%2Fmedia&parent=56628"}],"wp:term":[{"taxonomy":"category","embeddable":true,"href":"http:\/\/informeformosa.com.ar\/index.php?rest_route=%2Fwp%2Fv2%2Fcategories&post=56628"},{"taxonomy":"post_tag","embeddable":true,"href":"http:\/\/informeformosa.com.ar\/index.php?rest_route=%2Fwp%2Fv2%2Ftags&post=56628"}],"curies":[{"name":"wp","href":"https:\/\/api.w.org\/{rel}","templated":true}]}}