{"id":56627,"date":"2022-06-23T18:11:44","date_gmt":"2022-06-23T21:11:44","guid":{"rendered":"http:\/\/informeformosa.com.ar\/?p=56627"},"modified":"2022-06-23T18:11:45","modified_gmt":"2022-06-23T21:11:45","slug":"el-museo-historico-y-regional-juan-pablo-duffard-festejo-su-59-aniversario","status":"publish","type":"post","link":"http:\/\/informeformosa.com.ar\/?p=56627","title":{"rendered":"El Museo Hist\u00f3rico y Regional Juan Pablo Duffard festej\u00f3 su 59\u00b0 aniversario"},"content":{"rendered":"\n<p>Este jueves 23 de junio, el Museo Hist\u00f3rico y Regional \u00abJuan Pablo Duffard\u00bb celebr\u00f3 su 59\u00b0 aniversario de vida con un encuentro en sus instalaciones que cont\u00f3 con la presencia de autoridades provinciales y la comunidad en general.<\/p>\n\n\n\n<p>Al respecto, <strong>AGENFOR<\/strong> convers\u00f3 con la directora de Patrimonio Sociocultural, Graciela Buiatti, quien sostuvo que \u201ceste museo resguarda todos los aspectos hist\u00f3ricos de la ciudad y provincia\u201d por lo que \u201choy rendimos homenaje a personas que nos han acompa\u00f1ado en el desarrollo de distintos aspectos de la cultura\u201d.<\/p>\n\n\n\n<p>\u201cEl comienzo fue a partir de Juan Pablo Duffard que era un hijo de inmigrantes franceses que comienza a coleccionar objetos que luego van a formar parte, estuvo en distintos lugares y luego abri\u00f3 sus puertas en este lugar como museo hist\u00f3rico de la provincia\u201d, indic\u00f3.<\/p>\n\n\n\n<p>El Museo Hist\u00f3rico y Regional \u00abJuan Pablo Duffard, est\u00e1 ubicad<a><\/a>o en la casona que perteneci\u00f3 como residencia particular al General Ignacio Hamilton Fotheringham,ex gobernador del Territorio Nacional de Formosa.<\/p>\n\n\n\n<p>Luego, el edificio construido en 1888, funcion\u00f3 como Casa de Gobierno y ofici\u00f3 de residencia de los distintos mandatarios como Domingo Sarmiento y Juan Domingo Per\u00f3n, hasta 1981.<\/p>\n\n\n\n<p>En ese a\u00f1o, por decreto N\u00b0343, mut\u00f3 en Museo Hist\u00f3rico y Regional y abri\u00f3 sus puertas al p\u00fablico en 1963.<\/p>\n\n\n\n<p>De esta manera, se convirti\u00f3 en el primer Monumento Hist\u00f3rico Nacional de Formosa por Decreto Nacional N\u00b010.852\/1953.<\/p>\n","protected":false},"excerpt":{"rendered":"<p>Este jueves 23 de junio, el Museo Hist\u00f3rico y Regional \u00abJuan Pablo Duffard\u00bb celebr\u00f3 su 59\u00b0 aniversario de vida con un encuentro en sus instalaciones que cont\u00f3 con la presencia de autoridades provinciales y la comunidad en general. Al respecto, AGENFOR convers\u00f3 con la directora de Patrimonio Sociocultural, Graciela Buiatti, quien sostuvo que \u201ceste museo [&hellip;]<\/p>\n","protected":false},"author":11,"featured_media":56630,"comment_status":"closed","ping_status":"closed","sticky":false,"template":"","format":"standard","meta":{"footnotes":""},"categories":[10],"tags":[],"class_list":["post-56627","post","type-post","status-publish","format-standard","has-post-thumbnail","hentry","category-cultura"],"_links":{"self":[{"href":"http:\/\/informeformosa.com.ar\/index.php?rest_route=\/wp\/v2\/posts\/56627","targetHints":{"allow":["GET"]}}],"collection":[{"href":"http:\/\/informeformosa.com.ar\/index.php?rest_route=\/wp\/v2\/posts"}],"about":[{"href":"http:\/\/informeformosa.com.ar\/index.php?rest_route=\/wp\/v2\/types\/post"}],"author":[{"embeddable":true,"href":"http:\/\/informeformosa.com.ar\/index.php?rest_route=\/wp\/v2\/users\/11"}],"replies":[{"embeddable":true,"href":"http:\/\/informeformosa.com.ar\/index.php?rest_route=%2Fwp%2Fv2%2Fcomments&post=56627"}],"version-history":[{"count":1,"href":"http:\/\/informeformosa.com.ar\/index.php?rest_route=\/wp\/v2\/posts\/56627\/revisions"}],"predecessor-version":[{"id":56631,"href":"http:\/\/informeformosa.com.ar\/index.php?rest_route=\/wp\/v2\/posts\/56627\/revisions\/56631"}],"wp:featuredmedia":[{"embeddable":true,"href":"http:\/\/informeformosa.com.ar\/index.php?rest_route=\/wp\/v2\/media\/56630"}],"wp:attachment":[{"href":"http:\/\/informeformosa.com.ar\/index.php?rest_route=%2Fwp%2Fv2%2Fmedia&parent=56627"}],"wp:term":[{"taxonomy":"category","embeddable":true,"href":"http:\/\/informeformosa.com.ar\/index.php?rest_route=%2Fwp%2Fv2%2Fcategories&post=56627"},{"taxonomy":"post_tag","embeddable":true,"href":"http:\/\/informeformosa.com.ar\/index.php?rest_route=%2Fwp%2Fv2%2Ftags&post=56627"}],"curies":[{"name":"wp","href":"https:\/\/api.w.org\/{rel}","templated":true}]}}