{"id":56618,"date":"2022-06-22T18:11:25","date_gmt":"2022-06-22T21:11:25","guid":{"rendered":"http:\/\/informeformosa.com.ar\/?p=56618"},"modified":"2022-06-22T18:11:25","modified_gmt":"2022-06-22T21:11:25","slug":"lanzaran-la-edicion-2022-del-canta-y-baila-la-ninez-adolescencia-juventud-y-adultos-formosenos","status":"publish","type":"post","link":"http:\/\/informeformosa.com.ar\/?p=56618","title":{"rendered":"Lanzar\u00e1n la edici\u00f3n 2022 del Canta y Baila la Ni\u00f1ez, Adolescencia, Juventud y Adultos Formose\u00f1os"},"content":{"rendered":"\n<p>Este jueves 23, en el Teatro de la Ciudad, se realizar\u00e1 el lanzamiento de la edici\u00f3n 2022 del Canta y Baila la Ni\u00f1ez, Adolescencia, Juventud y Adultos Formose\u00f1os, que volver\u00e1 a la presencialidad luego de dos a\u00f1os por la pandemia del Coronavirus.<\/p>\n\n\n\n<p>Al respecto, el coordinador del espacio, Jorge Far\u00edas, convers\u00f3 con <strong>AGENFOR<\/strong> y dijo que este a\u00f1o van a participar \u201cmuch\u00edsimas escuelas, como tambi\u00e9n lo hicieron en la virtualidad\u201d, ya que se trata de un \u201cmega encuentro a lo largo y ancho de la provincia\u201d.<\/p>\n\n\n\n<p>\u201cLuego del lanzamiento se van a realizar por sedes, distribuidas en ochosedes, bien estrat\u00e9gicas, donde las escuelas cercanas van a poder acudir sin ning\u00fan problema a las que les corresponda y donde van a participar las escuelas primarias\u201d, explic\u00f3.<\/p>\n\n\n\n<p>Luego, en agosto, ser\u00e1 el Canta y Baila del Nivel Inicial, que se har\u00e1 en cuatro sedes de distintos barrios, detall\u00f3 el coordinador.<\/p>\n\n\n\n<p>\u201cDespu\u00e9s de las vacaciones, vamos a trasladarnos al interior de la provincia para compartir y acompa\u00f1ar a las delegaciones zonales que van a estar realizando, como cada a\u00f1o, para que los ni\u00f1os sigan manifest\u00e1ndose en el canto, el baile, el teatro\u201d, indic\u00f3.<\/p>\n\n\n\n<p>Por \u00faltimo, Far\u00edas expres\u00f3 estar \u201cmuy felices de volver a la presencialidad\u201d y agradeci\u00f3 al estatus sanitario de la provincia y la campa\u00f1a de vacunaci\u00f3n que contin\u00faa en pie, \u201cpor las que podemos darnos este lujo\u201d.<\/p>\n","protected":false},"excerpt":{"rendered":"<p>Este jueves 23, en el Teatro de la Ciudad, se realizar\u00e1 el lanzamiento de la edici\u00f3n 2022 del Canta y Baila la Ni\u00f1ez, Adolescencia, Juventud y Adultos Formose\u00f1os, que volver\u00e1 a la presencialidad luego de dos a\u00f1os por la pandemia del Coronavirus. Al respecto, el coordinador del espacio, Jorge Far\u00edas, convers\u00f3 con AGENFOR y dijo [&hellip;]<\/p>\n","protected":false},"author":11,"featured_media":56624,"comment_status":"closed","ping_status":"closed","sticky":false,"template":"","format":"standard","meta":{"footnotes":""},"categories":[10],"tags":[],"class_list":["post-56618","post","type-post","status-publish","format-standard","has-post-thumbnail","hentry","category-cultura"],"_links":{"self":[{"href":"http:\/\/informeformosa.com.ar\/index.php?rest_route=\/wp\/v2\/posts\/56618","targetHints":{"allow":["GET"]}}],"collection":[{"href":"http:\/\/informeformosa.com.ar\/index.php?rest_route=\/wp\/v2\/posts"}],"about":[{"href":"http:\/\/informeformosa.com.ar\/index.php?rest_route=\/wp\/v2\/types\/post"}],"author":[{"embeddable":true,"href":"http:\/\/informeformosa.com.ar\/index.php?rest_route=\/wp\/v2\/users\/11"}],"replies":[{"embeddable":true,"href":"http:\/\/informeformosa.com.ar\/index.php?rest_route=%2Fwp%2Fv2%2Fcomments&post=56618"}],"version-history":[{"count":1,"href":"http:\/\/informeformosa.com.ar\/index.php?rest_route=\/wp\/v2\/posts\/56618\/revisions"}],"predecessor-version":[{"id":56625,"href":"http:\/\/informeformosa.com.ar\/index.php?rest_route=\/wp\/v2\/posts\/56618\/revisions\/56625"}],"wp:featuredmedia":[{"embeddable":true,"href":"http:\/\/informeformosa.com.ar\/index.php?rest_route=\/wp\/v2\/media\/56624"}],"wp:attachment":[{"href":"http:\/\/informeformosa.com.ar\/index.php?rest_route=%2Fwp%2Fv2%2Fmedia&parent=56618"}],"wp:term":[{"taxonomy":"category","embeddable":true,"href":"http:\/\/informeformosa.com.ar\/index.php?rest_route=%2Fwp%2Fv2%2Fcategories&post=56618"},{"taxonomy":"post_tag","embeddable":true,"href":"http:\/\/informeformosa.com.ar\/index.php?rest_route=%2Fwp%2Fv2%2Ftags&post=56618"}],"curies":[{"name":"wp","href":"https:\/\/api.w.org\/{rel}","templated":true}]}}