{"id":56615,"date":"2022-06-22T18:09:03","date_gmt":"2022-06-22T21:09:03","guid":{"rendered":"http:\/\/informeformosa.com.ar\/?p=56615"},"modified":"2022-06-22T18:09:03","modified_gmt":"2022-06-22T21:09:03","slug":"sigue-en-el-interior-el-exhaustivo-control-de-salud-a-los-escolares-de-los-niveles-inicial-y-primario","status":"publish","type":"post","link":"http:\/\/informeformosa.com.ar\/?p=56615","title":{"rendered":"Sigue en el interior el exhaustivo control de salud a los escolares de los niveles inicial y primario"},"content":{"rendered":"\n<p>En el jard\u00edn de infantes \u201c\u00c1ngeles\u201d del Instituto San Jos\u00e9 de la localidad de Comandante Fontana, se despleg\u00f3 un amplio operativo de Libretas de Salud Escolar, que alcanz\u00f3 a las ni\u00f1as y ni\u00f1os que, en el presente a\u00f1o, asisten a la sala de 5 a\u00f1os.<\/p>\n\n\n\n<p>La jornada, a cargo de un equipo de salud del hospital de Comandante Fontana, dio inicio con controles odontol\u00f3gicos a los jardineritos. Fueron confeccionados posteriormente, los respectivos odontogramas y seg\u00fan cada caso, se realiz\u00f3 la programaci\u00f3n de turnos en el nosocomio, para quienes necesitaban realizar un tratamiento.&nbsp;<\/p>\n\n\n\n<p>A su vez, los profesionales dieron consejos para cuidar la salud de los dientes y la boca, con demostraciones pr\u00e1cticas que ense\u00f1aron la forma correcta de hacer el cepillado diariamente \u201cluego de cada comida, antes de dormirse por la noche y al levantarse por la ma\u00f1ana\u201d, recalcaron desde el servicio de odontolog\u00eda del efector.<\/p>\n\n\n\n<p>Tambi\u00e9n instruyeron a los peque\u00f1os sobre el uso del hilo dental y fomentaron en ellos la visita al odont\u00f3logo, indicando que debe hacerse, al menos, 2 veces al a\u00f1o y como m\u00ednimo cada 6 meses, para detectar caries y otros problemas que pueden presentarse tanto en los dientes como en otras partes de la boca.<\/p>\n\n\n\n<p>Asimismo, para captar la atenci\u00f3n de los m\u00e1s chiquitos, a trav\u00e9s variados entretenimientos, explicaron la importancia de consumir alimentos sanos, como una de las medidas fundamentales para tener la boca y los dientes sanos. Y se entregaron kits odontol\u00f3gicos, compuestos por pasta y cepillo dental.&nbsp;<\/p>\n\n\n\n<p><strong>M\u00e1s evaluaciones<\/strong><\/p>\n\n\n\n<p>Seguidamente, se efectuaron mediciones antropom\u00e9tricas de peso y talla, tensi\u00f3n arterial, temperatura, latidos y frecuencia cardiaca, m\u00e1s otros que se sumaron seg\u00fan las indicaciones m\u00e9dicas.&nbsp;<\/p>\n\n\n\n<p>Lo anterior fue complementado con ex\u00e1menes de la agudeza auditiva y visual, revisiones psicomotoras y otros ex\u00e1menes, tanto f\u00edsicos como cl\u00ednicos, establecidos por los pediatras para los ni\u00f1os y ni\u00f1as de esta franja etaria.<\/p>\n\n\n\n<p>Asimismo, los jardineritos recibieron la aplicaci\u00f3n de las vacunas de Calendario, destinadas al ingreso escolar -entre 5 y 6 a\u00f1os-: primer refuerzo de la vacuna SALK contra la poliomielitis; segunda dosis de vacuna triple viral que previene el sarampi\u00f3n, la rub\u00e9ola y las paperas; segundo refuerzo de la triple bacteriana celular que previene la difteria, la tos convulsa, y el t\u00e9tanos; m\u00e1s la segunda dosis de vacuna contra la varicela, incorporada al calendario a partir del mes de marzo del presente a\u00f1o.<\/p>\n\n\n\n<p>Adem\u00e1s, fueron aplicadas las dosis de vacuna COVID, tanto para quienes deb\u00edan completar el esquema ya habilitado para esta edad, como para quienes a\u00fan no lo hab\u00edan iniciado con la primera dosis.<\/p>\n","protected":false},"excerpt":{"rendered":"<p>En el jard\u00edn de infantes \u201c\u00c1ngeles\u201d del Instituto San Jos\u00e9 de la localidad de Comandante Fontana, se despleg\u00f3 un amplio operativo de Libretas de Salud Escolar, que alcanz\u00f3 a las ni\u00f1as y ni\u00f1os que, en el presente a\u00f1o, asisten a la sala de 5 a\u00f1os. La jornada, a cargo de un equipo de salud del [&hellip;]<\/p>\n","protected":false},"author":11,"featured_media":56622,"comment_status":"closed","ping_status":"closed","sticky":false,"template":"","format":"standard","meta":{"footnotes":""},"categories":[12],"tags":[],"class_list":["post-56615","post","type-post","status-publish","format-standard","has-post-thumbnail","hentry","category-salud"],"_links":{"self":[{"href":"http:\/\/informeformosa.com.ar\/index.php?rest_route=\/wp\/v2\/posts\/56615","targetHints":{"allow":["GET"]}}],"collection":[{"href":"http:\/\/informeformosa.com.ar\/index.php?rest_route=\/wp\/v2\/posts"}],"about":[{"href":"http:\/\/informeformosa.com.ar\/index.php?rest_route=\/wp\/v2\/types\/post"}],"author":[{"embeddable":true,"href":"http:\/\/informeformosa.com.ar\/index.php?rest_route=\/wp\/v2\/users\/11"}],"replies":[{"embeddable":true,"href":"http:\/\/informeformosa.com.ar\/index.php?rest_route=%2Fwp%2Fv2%2Fcomments&post=56615"}],"version-history":[{"count":1,"href":"http:\/\/informeformosa.com.ar\/index.php?rest_route=\/wp\/v2\/posts\/56615\/revisions"}],"predecessor-version":[{"id":56623,"href":"http:\/\/informeformosa.com.ar\/index.php?rest_route=\/wp\/v2\/posts\/56615\/revisions\/56623"}],"wp:featuredmedia":[{"embeddable":true,"href":"http:\/\/informeformosa.com.ar\/index.php?rest_route=\/wp\/v2\/media\/56622"}],"wp:attachment":[{"href":"http:\/\/informeformosa.com.ar\/index.php?rest_route=%2Fwp%2Fv2%2Fmedia&parent=56615"}],"wp:term":[{"taxonomy":"category","embeddable":true,"href":"http:\/\/informeformosa.com.ar\/index.php?rest_route=%2Fwp%2Fv2%2Fcategories&post=56615"},{"taxonomy":"post_tag","embeddable":true,"href":"http:\/\/informeformosa.com.ar\/index.php?rest_route=%2Fwp%2Fv2%2Ftags&post=56615"}],"curies":[{"name":"wp","href":"https:\/\/api.w.org\/{rel}","templated":true}]}}