{"id":56612,"date":"2022-06-22T18:08:13","date_gmt":"2022-06-22T21:08:13","guid":{"rendered":"http:\/\/informeformosa.com.ar\/?p=56612"},"modified":"2022-06-22T18:08:13","modified_gmt":"2022-06-22T21:08:13","slug":"el-ias-celebra-su-aniversario-con-un-torneo-variado-en-disciplinas-deportivas","status":"publish","type":"post","link":"http:\/\/informeformosa.com.ar\/?p=56612","title":{"rendered":"<strong>El IAS celebra su aniversario con un torneo variado en disciplinas deportivas<\/strong>"},"content":{"rendered":"\n<p>En la jornada de este martes 21 se realiz\u00f3 una reuni\u00f3n organizativa en la que Enrique Mora del IAS, inform\u00f3 que \u201clas competencias se llevar\u00e1n a cabo el 2 y 3 de julio en el Camping del AMEIAS que se encuentra sobre la Ruta Nacional N\u00b011.<\/p>\n\n\n\n<p>Indic\u00f3 que se har\u00e1 la apertura de los juegos el s\u00e1bado 2 de julio a las 14 horas, donde desfilar\u00e1n los equipos participantes. En esa l\u00ednea detall\u00f3 que habr\u00e1 once reparticiones que participar\u00e1n en las disciplinas de v\u00f3ley mixto, f\u00fatbol de campo, b\u00e1squet, f\u00fatbol femenino.<\/p>\n\n\n\n<p>A estos se suman una marat\u00f3n 5K y pesca que se desarrollar\u00e1n el domingo en la Biosfera Laguna Oca.<\/p>\n\n\n\n<p>Durante esa jornada tambi\u00e9n est\u00e1 previsto torneos de ajedrez y truco; se jugar\u00e1n las semifinales y finales y se har\u00e1 entrega del premio a la mejor hinchada.<\/p>\n\n\n\n<p>A su vez, Ariel Gay de la Subsecretar\u00eda de Comunicaci\u00f3n de la provincia, se mostr\u00f3 muy entusiasmado afirmando que est\u00e1n conformando los equipos para ser parte de este evento.&nbsp;<\/p>\n\n\n\n<p>Asegur\u00f3 que participan en la mayor\u00eda de los deportes y expres\u00f3 su agradecimiento al IAS por invitarlos a compartir este festejo, haciendo hincapi\u00e9 en el \u201cesp\u00edritu participativo y el reencuentro luego de la situaci\u00f3n epidemiol\u00f3gica por la pandemia de COVID-19\u201d.<\/p>\n","protected":false},"excerpt":{"rendered":"<p>En la jornada de este martes 21 se realiz\u00f3 una reuni\u00f3n organizativa en la que Enrique Mora del IAS, inform\u00f3 que \u201clas competencias se llevar\u00e1n a cabo el 2 y 3 de julio en el Camping del AMEIAS que se encuentra sobre la Ruta Nacional N\u00b011. Indic\u00f3 que se har\u00e1 la apertura de los juegos [&hellip;]<\/p>\n","protected":false},"author":11,"featured_media":56619,"comment_status":"closed","ping_status":"closed","sticky":false,"template":"","format":"standard","meta":{"footnotes":""},"categories":[21],"tags":[],"class_list":["post-56612","post","type-post","status-publish","format-standard","has-post-thumbnail","hentry","category-provinciales"],"_links":{"self":[{"href":"http:\/\/informeformosa.com.ar\/index.php?rest_route=\/wp\/v2\/posts\/56612","targetHints":{"allow":["GET"]}}],"collection":[{"href":"http:\/\/informeformosa.com.ar\/index.php?rest_route=\/wp\/v2\/posts"}],"about":[{"href":"http:\/\/informeformosa.com.ar\/index.php?rest_route=\/wp\/v2\/types\/post"}],"author":[{"embeddable":true,"href":"http:\/\/informeformosa.com.ar\/index.php?rest_route=\/wp\/v2\/users\/11"}],"replies":[{"embeddable":true,"href":"http:\/\/informeformosa.com.ar\/index.php?rest_route=%2Fwp%2Fv2%2Fcomments&post=56612"}],"version-history":[{"count":1,"href":"http:\/\/informeformosa.com.ar\/index.php?rest_route=\/wp\/v2\/posts\/56612\/revisions"}],"predecessor-version":[{"id":56620,"href":"http:\/\/informeformosa.com.ar\/index.php?rest_route=\/wp\/v2\/posts\/56612\/revisions\/56620"}],"wp:featuredmedia":[{"embeddable":true,"href":"http:\/\/informeformosa.com.ar\/index.php?rest_route=\/wp\/v2\/media\/56619"}],"wp:attachment":[{"href":"http:\/\/informeformosa.com.ar\/index.php?rest_route=%2Fwp%2Fv2%2Fmedia&parent=56612"}],"wp:term":[{"taxonomy":"category","embeddable":true,"href":"http:\/\/informeformosa.com.ar\/index.php?rest_route=%2Fwp%2Fv2%2Fcategories&post=56612"},{"taxonomy":"post_tag","embeddable":true,"href":"http:\/\/informeformosa.com.ar\/index.php?rest_route=%2Fwp%2Fv2%2Ftags&post=56612"}],"curies":[{"name":"wp","href":"https:\/\/api.w.org\/{rel}","templated":true}]}}