{"id":56609,"date":"2022-06-22T18:07:25","date_gmt":"2022-06-22T21:07:25","guid":{"rendered":"http:\/\/informeformosa.com.ar\/?p=56609"},"modified":"2022-06-22T18:07:26","modified_gmt":"2022-06-22T21:07:26","slug":"el-gobernador-insfran-se-reunio-con-el-ministro-cabandie","status":"publish","type":"post","link":"http:\/\/informeformosa.com.ar\/?p=56609","title":{"rendered":"El gobernador Insfr\u00e1n se reuni\u00f3 con el ministro Cabandi\u00e9"},"content":{"rendered":"\n<p>Este mi\u00e9rcoles, el gobernador de la provincia, Gildo Insfr\u00e1n, se reuni\u00f3 con el ministro de Ambiente y Desarrollo Sostenible de la Naci\u00f3n, Juan Cabandi\u00e9, y dialogaron sobre los importantes proyectos ambientales que est\u00e1n en marcha en Formosa.<\/p>\n\n\n\n<p>Seg\u00fan detall\u00f3 el mandatario, conversaron sobre los avances en la construcci\u00f3n del Centro Ambiental de la ciudad capital, para un mejor tratamiento de residuos s\u00f3lidos urbanos; y las acciones emprendidas para el cuidado de los bosques nativos formose\u00f1os.<\/p>\n\n\n\n<p>La obra mencionada beneficiar\u00e1 a m\u00e1s de 246 mil habitantes, lo que representa 43 % de la poblaci\u00f3n provincial; y la implementaci\u00f3n del proyecto est\u00e1 a cargo de la Secretar\u00eda de Monitoreo y Control Ambiental en el marco del Programa de Gesti\u00f3n Integral de Residuos S\u00f3lidos Urbanos (GIRSU), que recibe financiamiento del Banco Interamericano de Desarrollo.<\/p>\n\n\n\n<p>Adem\u00e1s, ambos funcionarios hablaron sobre el pago por resultados proveniente del Fondo Verde para el Clima, coejecutados por la cartera nacional junto a la Organizaci\u00f3n de las Naciones Unidas para la Alimentaci\u00f3n y la Agricultura (FAO, por su sigla en ingl\u00e9s).<\/p>\n","protected":false},"excerpt":{"rendered":"<p>Este mi\u00e9rcoles, el gobernador de la provincia, Gildo Insfr\u00e1n, se reuni\u00f3 con el ministro de Ambiente y Desarrollo Sostenible de la Naci\u00f3n, Juan Cabandi\u00e9, y dialogaron sobre los importantes proyectos ambientales que est\u00e1n en marcha en Formosa. Seg\u00fan detall\u00f3 el mandatario, conversaron sobre los avances en la construcci\u00f3n del Centro Ambiental de la ciudad capital, [&hellip;]<\/p>\n","protected":false},"author":11,"featured_media":56616,"comment_status":"closed","ping_status":"closed","sticky":false,"template":"","format":"standard","meta":{"footnotes":""},"categories":[21],"tags":[],"class_list":["post-56609","post","type-post","status-publish","format-standard","has-post-thumbnail","hentry","category-provinciales"],"_links":{"self":[{"href":"http:\/\/informeformosa.com.ar\/index.php?rest_route=\/wp\/v2\/posts\/56609","targetHints":{"allow":["GET"]}}],"collection":[{"href":"http:\/\/informeformosa.com.ar\/index.php?rest_route=\/wp\/v2\/posts"}],"about":[{"href":"http:\/\/informeformosa.com.ar\/index.php?rest_route=\/wp\/v2\/types\/post"}],"author":[{"embeddable":true,"href":"http:\/\/informeformosa.com.ar\/index.php?rest_route=\/wp\/v2\/users\/11"}],"replies":[{"embeddable":true,"href":"http:\/\/informeformosa.com.ar\/index.php?rest_route=%2Fwp%2Fv2%2Fcomments&post=56609"}],"version-history":[{"count":1,"href":"http:\/\/informeformosa.com.ar\/index.php?rest_route=\/wp\/v2\/posts\/56609\/revisions"}],"predecessor-version":[{"id":56617,"href":"http:\/\/informeformosa.com.ar\/index.php?rest_route=\/wp\/v2\/posts\/56609\/revisions\/56617"}],"wp:featuredmedia":[{"embeddable":true,"href":"http:\/\/informeformosa.com.ar\/index.php?rest_route=\/wp\/v2\/media\/56616"}],"wp:attachment":[{"href":"http:\/\/informeformosa.com.ar\/index.php?rest_route=%2Fwp%2Fv2%2Fmedia&parent=56609"}],"wp:term":[{"taxonomy":"category","embeddable":true,"href":"http:\/\/informeformosa.com.ar\/index.php?rest_route=%2Fwp%2Fv2%2Fcategories&post=56609"},{"taxonomy":"post_tag","embeddable":true,"href":"http:\/\/informeformosa.com.ar\/index.php?rest_route=%2Fwp%2Fv2%2Ftags&post=56609"}],"curies":[{"name":"wp","href":"https:\/\/api.w.org\/{rel}","templated":true}]}}