{"id":56597,"date":"2022-06-22T17:47:50","date_gmt":"2022-06-22T20:47:50","guid":{"rendered":"http:\/\/informeformosa.com.ar\/?p=56597"},"modified":"2022-06-22T17:47:50","modified_gmt":"2022-06-22T20:47:50","slug":"covid-19-ante-aumento-de-casos-recuerdan-que-la-vacuna-evita-las-complicaciones-internaciones-y-fallecimientos","status":"publish","type":"post","link":"http:\/\/informeformosa.com.ar\/?p=56597","title":{"rendered":"COVID-19: Ante aumento de casos, recuerdan que \u201cla vacuna evita las complicaciones, internaciones y fallecimientos\u201d"},"content":{"rendered":"\n<p>En testimonios recabados por la Agencia de Noticias Formosa (AGENFOR), la profesional record\u00f3 que \u201ca partir de este martes 21 se habilit\u00f3 en toda la provincia y en todos los vacunatorios fijos y permanentes, la inmunizaci\u00f3n con la cuarta dosis para mayores de 18 a\u00f1os\u201d, aclarando que \u201ctienen que haber pasado 90 d\u00edas de haber contra\u00eddo la enfermedad y de colocada la \u00faltima dosis\u201d.<\/p>\n\n\n\n<p>Remarc\u00f3 que \u201ces muy importante que las personas concurran a completar su esquema de vacunaci\u00f3n, porque la semana pasada, con respecto a la anterior, se registr\u00f3 un aumento significativos de casos\u201d, por lo cual \u201ces conveniente que todos estemos cubiertos por lo menos con las tres dosis que actualmente es el esquema completo en la Argentina\u201d.<\/p>\n\n\n\n<p>Asimismo, hizo hincapi\u00e9 en \u201cno olvidarnos de las medidas preventivas, como ser el uso del barbijo en lugares cerrados, el distanciamiento social, la ventilaci\u00f3n de los ambientes\u201d, expresando que \u201ctodo ayuda a que este aumento de casos no se complique\u201d.&nbsp;<\/p>\n\n\n\n<p>\u201cUn mes antes ven\u00edamos viendo a nivel regional y pa\u00eds la suba de casos. A nosotros esta ola nos llega un poquito m\u00e1s tarde, lo cual quiere decir que tambi\u00e9n se va a prolongar\u201d, sostuvo e inform\u00f3: \u201cLo bueno es que a nivel nacional ya se estabiliz\u00f3 el registro de diagn\u00f3sticos positivos, internados y fallecidos\u201d.<\/p>\n\n\n\n<p>En contexto, estim\u00f3 que conociendo la evoluci\u00f3n natural de la infecci\u00f3n \u201cvamos a tener unas semanas m\u00e1s con aumento de casos y despu\u00e9s se va a empezar a estabilizar el contexto epidemiol\u00f3gico\u201d.<\/p>\n\n\n\n<p>De igual manera, expuso que \u201ces propio de la \u00e9poca invernal que uno tienda a quedarse en la casa, a no ventilar los ambientes y a estar con mayor cantidad de personas sin respetar tanto el distanciamiento\u201d y por eso record\u00f3 que \u201ces un virus que se transmite alta y f\u00e1cilmente, entonces, al relajar las medidas estamos favoreciendo la transmisi\u00f3n\u201d.<\/p>\n\n\n\n<p>Por ello, insisti\u00f3 en que por este motivo \u201ces importante completar el esquemas de inoculaci\u00f3n\u201d.<\/p>\n\n\n\n<p><strong>Vacunas<\/strong><\/p>\n\n\n\n<p>\u201cLa vacuna evita las complicaciones, internaciones y fallecimiento\u201d, destac\u00f3, marcando que \u201csi bien no tenemos personas con diagn\u00f3stico complicado, hay pacientes internados sin respirador\u201d, aunque recalc\u00f3: \u201cNo por eso nos tenemos que relajar, porque no sabemos c\u00f3mo se va a compartir el virus en esta ola\u201d.<\/p>\n\n\n\n<p>Adem\u00e1s, pidi\u00f3 a la comunidad que \u201csi presentan s\u00edntomas concurran a realizarse la prueba a cualquiera de los centros de hisopados, ya que todos se encuentran a disposici\u00f3n, ninguno se desarticul\u00f3, todos siguen trabajando\u201d.<\/p>\n\n\n\n<p>Se\u00f1al\u00f3 que el grupo etario de adolescentes \u201ces el que viene m\u00e1s atrasado en completar el esquema\u201d, por lo que \u201chace casi tres semanas salimos a las escuelas secundarias de la Capital a explicarles a los j\u00f3venes la importancia de la inoculaci\u00f3n y de tener todas las dosis\u201d.<\/p>\n\n\n\n<p>\u201cHemos obtenido una muy buena respuesta, porque ha aumentado el porcentaje de cobertura en ese grupo edad\u201d, remarc\u00f3.<\/p>\n\n\n\n<p>Finalmente, recomend\u00f3 \u201ccambiar la plataforma de la vacuna\u201d, es decir aplicarse una distinta a las anteriores, aclarando que \u201ces distinto en los ni\u00f1os, donde s\u00ed est\u00e1n estipuladas cu\u00e1les son los componentes con los que se los puede inmunizar\u201d, concluy\u00f3.<a><\/a><\/p>\n","protected":false},"excerpt":{"rendered":"<p>En testimonios recabados por la Agencia de Noticias Formosa (AGENFOR), la profesional record\u00f3 que \u201ca partir de este martes 21 se habilit\u00f3 en toda la provincia y en todos los vacunatorios fijos y permanentes, la inmunizaci\u00f3n con la cuarta dosis para mayores de 18 a\u00f1os\u201d, aclarando que \u201ctienen que haber pasado 90 d\u00edas de haber [&hellip;]<\/p>\n","protected":false},"author":11,"featured_media":56598,"comment_status":"closed","ping_status":"closed","sticky":false,"template":"","format":"standard","meta":{"footnotes":""},"categories":[12],"tags":[],"class_list":["post-56597","post","type-post","status-publish","format-standard","has-post-thumbnail","hentry","category-salud"],"_links":{"self":[{"href":"http:\/\/informeformosa.com.ar\/index.php?rest_route=\/wp\/v2\/posts\/56597","targetHints":{"allow":["GET"]}}],"collection":[{"href":"http:\/\/informeformosa.com.ar\/index.php?rest_route=\/wp\/v2\/posts"}],"about":[{"href":"http:\/\/informeformosa.com.ar\/index.php?rest_route=\/wp\/v2\/types\/post"}],"author":[{"embeddable":true,"href":"http:\/\/informeformosa.com.ar\/index.php?rest_route=\/wp\/v2\/users\/11"}],"replies":[{"embeddable":true,"href":"http:\/\/informeformosa.com.ar\/index.php?rest_route=%2Fwp%2Fv2%2Fcomments&post=56597"}],"version-history":[{"count":1,"href":"http:\/\/informeformosa.com.ar\/index.php?rest_route=\/wp\/v2\/posts\/56597\/revisions"}],"predecessor-version":[{"id":56599,"href":"http:\/\/informeformosa.com.ar\/index.php?rest_route=\/wp\/v2\/posts\/56597\/revisions\/56599"}],"wp:featuredmedia":[{"embeddable":true,"href":"http:\/\/informeformosa.com.ar\/index.php?rest_route=\/wp\/v2\/media\/56598"}],"wp:attachment":[{"href":"http:\/\/informeformosa.com.ar\/index.php?rest_route=%2Fwp%2Fv2%2Fmedia&parent=56597"}],"wp:term":[{"taxonomy":"category","embeddable":true,"href":"http:\/\/informeformosa.com.ar\/index.php?rest_route=%2Fwp%2Fv2%2Fcategories&post=56597"},{"taxonomy":"post_tag","embeddable":true,"href":"http:\/\/informeformosa.com.ar\/index.php?rest_route=%2Fwp%2Fv2%2Ftags&post=56597"}],"curies":[{"name":"wp","href":"https:\/\/api.w.org\/{rel}","templated":true}]}}