{"id":56595,"date":"2022-06-22T17:49:18","date_gmt":"2022-06-22T20:49:18","guid":{"rendered":"http:\/\/informeformosa.com.ar\/?p=56595"},"modified":"2022-06-22T17:49:36","modified_gmt":"2022-06-22T20:49:36","slug":"el-museo-juan-pablo-duffard-cumple-59-anos-de-vida-institucional","status":"publish","type":"post","link":"http:\/\/informeformosa.com.ar\/?p=56595","title":{"rendered":"El Museo Juan Pablo Duffard cumple 59 a\u00f1os de vida institucional"},"content":{"rendered":"\n<p>\u201cEl Museo abri\u00f3 sus puertas un 23 de junio de 1963\u201d, indic\u00f3 Buiatti a <strong>AGENFOR,<\/strong> llegando as\u00ed a sus 59 a\u00f1os de vida institucional.<\/p>\n\n\n\n<p>Continu\u00f3 explicando que \u201cadem\u00e1s de ser hist\u00f3rico es muy importante para la provincia y es considerado un monumento nacional por Decreto del entonces presidente Juan Domingo Per\u00f3n\u201d.<\/p>\n\n\n\n<p>Adem\u00e1s, coment\u00f3 que en estas fechas significativas, desde el \u00e1rea de cultura se acostumbra a rendir homenaje en vida \u201ca aquellas personas que han desarrollado parte de la cultura y educaci\u00f3n provincial\u201d, por lo tanto este jueves 23 \u201cse har\u00e1 lo propio con las distintas personalidades que han trabajado con nosotros en distintos momentos\u201d.<\/p>\n\n\n\n<p>Al mismo tiempo, puso \u00e9nfasis en remarcar que \u201cel pueblo que no tiene memoria y que se olvida de su pasado, es un pueblo que comete los mismos errores, por eso, es bueno ver y conservar todo lo que hace a nuestra historia y a partir de objetos, documentos, fotograf\u00edas, poder decir que Formosa tuvo estas caracter\u00edsticas y que esta es su idiosincrasia\u201d.<\/p>\n\n\n\n<p>Tambi\u00e9n, destac\u00f3 la visita de turistas, contando que \u201cvienen de otros lugares y que quieren conocer c\u00f3mo se origin\u00f3 la provincia y su forma de vida\u201d, subrayando que \u201cestamos logrando mantener la identidad a trav\u00e9s de los museos\u201d.<\/p>\n\n\n\n<p>Por otra parte, hizo una breve rese\u00f1a sobre qui\u00e9n fue Juan Pablo Duffard, contando que \u201cfue hijo de un inmigrante que vino desde Villa Occidental con Fontana\u201d y que es considerado precursor porque \u201ccomenz\u00f3 a juntar objetos que pertenec\u00edan a los inmigrantes y a partir de ah\u00ed se conformaron las colecciones que hoy vemos en cada una de las salas del Museo\u201d.<\/p>\n\n\n\n<p>\u201cFue una persona muy importante para el inicio de este lugar hist\u00f3rico\u201d, realz\u00f3.<\/p>\n\n\n\n<p>Finalmente, cerr\u00f3 informando que a modo de festejo tambi\u00e9n se est\u00e1n llevando a cabo muestras de fotogr\u00e1ficas y de artistas pl\u00e1stic<a><\/a>os.<\/p>\n","protected":false},"excerpt":{"rendered":"<p>\u201cEl Museo abri\u00f3 sus puertas un 23 de junio de 1963\u201d, indic\u00f3 Buiatti a AGENFOR, llegando as\u00ed a sus 59 a\u00f1os de vida institucional. Continu\u00f3 explicando que \u201cadem\u00e1s de ser hist\u00f3rico es muy importante para la provincia y es considerado un monumento nacional por Decreto del entonces presidente Juan Domingo Per\u00f3n\u201d. Adem\u00e1s, coment\u00f3 que en [&hellip;]<\/p>\n","protected":false},"author":11,"featured_media":56602,"comment_status":"closed","ping_status":"closed","sticky":false,"template":"","format":"standard","meta":{"footnotes":""},"categories":[10],"tags":[],"class_list":["post-56595","post","type-post","status-publish","format-standard","has-post-thumbnail","hentry","category-cultura"],"_links":{"self":[{"href":"http:\/\/informeformosa.com.ar\/index.php?rest_route=\/wp\/v2\/posts\/56595","targetHints":{"allow":["GET"]}}],"collection":[{"href":"http:\/\/informeformosa.com.ar\/index.php?rest_route=\/wp\/v2\/posts"}],"about":[{"href":"http:\/\/informeformosa.com.ar\/index.php?rest_route=\/wp\/v2\/types\/post"}],"author":[{"embeddable":true,"href":"http:\/\/informeformosa.com.ar\/index.php?rest_route=\/wp\/v2\/users\/11"}],"replies":[{"embeddable":true,"href":"http:\/\/informeformosa.com.ar\/index.php?rest_route=%2Fwp%2Fv2%2Fcomments&post=56595"}],"version-history":[{"count":1,"href":"http:\/\/informeformosa.com.ar\/index.php?rest_route=\/wp\/v2\/posts\/56595\/revisions"}],"predecessor-version":[{"id":56601,"href":"http:\/\/informeformosa.com.ar\/index.php?rest_route=\/wp\/v2\/posts\/56595\/revisions\/56601"}],"wp:featuredmedia":[{"embeddable":true,"href":"http:\/\/informeformosa.com.ar\/index.php?rest_route=\/wp\/v2\/media\/56602"}],"wp:attachment":[{"href":"http:\/\/informeformosa.com.ar\/index.php?rest_route=%2Fwp%2Fv2%2Fmedia&parent=56595"}],"wp:term":[{"taxonomy":"category","embeddable":true,"href":"http:\/\/informeformosa.com.ar\/index.php?rest_route=%2Fwp%2Fv2%2Fcategories&post=56595"},{"taxonomy":"post_tag","embeddable":true,"href":"http:\/\/informeformosa.com.ar\/index.php?rest_route=%2Fwp%2Fv2%2Ftags&post=56595"}],"curies":[{"name":"wp","href":"https:\/\/api.w.org\/{rel}","templated":true}]}}