{"id":56587,"date":"2022-06-21T19:06:25","date_gmt":"2022-06-21T22:06:25","guid":{"rendered":"http:\/\/informeformosa.com.ar\/?p=56587"},"modified":"2022-06-21T19:06:26","modified_gmt":"2022-06-21T22:06:26","slug":"duatlon-infantil-por-el-dia-olimpico-2022","status":"publish","type":"post","link":"http:\/\/informeformosa.com.ar\/?p=56587","title":{"rendered":"Duatl\u00f3n infantil por el D\u00eda Ol\u00edmpico 2022"},"content":{"rendered":"\n<p>Se desarroll\u00f3 un encuentro de duatl\u00f3n infantil &nbsp;\u201cJuntos por un mundo en paz\u201d en Formosa, evento que conmemora el nacimiento del Comit\u00e9 Ol\u00edmpico Internacional el 23 de junio de 1894, y que se replica en todo el pa\u00eds.<\/p>\n\n\n\n<p>El \u201cD\u00eda Ol\u00edmpico\u201d es una celebraci\u00f3n del deporte y de mantenerse activo. Invita a todos a hacer del mundo un lugar mejor movi\u00e9ndose, explorando y aprendiendo a trav\u00e9s del deporte, y esta es la primera vez que se realiza esta actividad en la provincia.<\/p>\n\n\n\n<p>Los eventos por el D\u00eda Ol\u00edmpico (pr\u00f3ximo 23 de junio) fueron organizados por el Comit\u00e9 Ol\u00edmpico Argentino de manera federal en todas las provincias entre el 2 y el 20 de junio,&nbsp; para culminar el d\u00eda 23 en Buenos Aires.<\/p>\n\n\n\n<p>En Formosa el duatl\u00f3n estuvo a cargo del miembro del Consejo Ejecutivo del Comit\u00e9 Ol\u00edmpico argentino, el formose\u00f1o Orlando Arauz, junto a la Asociaci\u00f3n Formose\u00f1a de Pruebas Combinadas (Formosa Triatl\u00f3n), a la Federaci\u00f3n Argentina de Triatl\u00f3n, el IAS y la Secretaria de Deportes.<\/p>\n\n\n\n<p>Participaron cuarenta ni\u00f1os de escuelas de triatl\u00f3n, duatl\u00f3n y ciclismo y una quincena de junior que colaboraron con el desempe\u00f1o de las pruebas combinadas y sobre el final compartieron tambi\u00e9n un duatl\u00f3n por equipos, con los m\u00e1s chiquitos.<\/p>\n\n\n\n<p>Las pruebas fueron de car\u00e1cter participativo y los atletas debieron primero correr, despu\u00e9s buscar su bicicleta y girar en la pista de ciclismo, para luego hacer una nueva transici\u00f3n hacia el \u00faltimo tramo de pedestrismo. En el caso de las postas, corrieron dos ni\u00f1os y un juvenil, con el \u00e1nimo de fomentar el compa\u00f1erismo y la destreza de los m\u00e1s chiquitos.<\/p>\n\n\n\n<p>Acompa\u00f1aron la iniciativa el secretario de Deportes Mario Romay, el titular del IAS Edgar P\u00e9rez, y el presidente de la Confederaci\u00f3n Suramericana de Triatl\u00f3n y presidente de la Federaci\u00f3n Argentina de Triatl\u00f3n Orlando Ar\u00e1oz.<\/p>\n\n\n\n<p>\u201cEstamos felices, a pedido del presidente del Comit\u00e9 Ol\u00edmpico Argentino Mario Moccia este d\u00eda debe celebrarse en los 24 distritos, y es la primera vez que se realiza en Formosa, se trata de un d\u00eda hist\u00f3rico para este deporte\u201d se\u00f1al\u00f3 Orlando Araoz.<\/p>\n\n\n\n<p>Agreg\u00f3 que \u201cDe esta forma una vez m\u00e1s se apuesta al desarrollo deportivo y al deporte social y recreativo, siempre bajo la premisa de los valores&nbsp; ol\u00edmpicos del respeto, excelencia y amistad. Estos valores cumplieron hoy una vez m\u00e1s nuestros ni\u00f1os atletas, nuestros j\u00f3venes atletas, nuestros entrenadores, dirigentes y autoridades\u201d.<\/p>\n\n\n\n<p>Adem\u00e1s el dirigente adelant\u00f3 que dentro de una semana se lanzar\u00e1 el Campeonato Formose\u00f1o de Duatl\u00f3n 2022, que contar\u00e1 con tres fechas, dos de ellas ser\u00e1n en el interior provincial, y en agosto ser\u00e1 el clasificatorio a los Juegos Suram\u00e9ricanos de Triatl\u00f3n en Formosa.<\/p>\n\n\n\n<p>Por su parte el titular del IAS Edgar P\u00e9rez adelant\u00f3 que el gobierno de la provincia continuar\u00e1 acompa\u00f1ando y alentando todo tipo de actividades que fomenten el deporte y felicit\u00f3 a las distintas escuelas deportivas en franco crecimiento en Formosa.<\/p>\n\n\n\n<p>Finalizadas las pruebas, los ni\u00f1os compartieron una merienda, y recibieron medallas y diploma de su participaci\u00f3n en el D\u00eda Ol\u00edmpico.<\/p>\n","protected":false},"excerpt":{"rendered":"<p>Se desarroll\u00f3 un encuentro de duatl\u00f3n infantil &nbsp;\u201cJuntos por un mundo en paz\u201d en Formosa, evento que conmemora el nacimiento del Comit\u00e9 Ol\u00edmpico Internacional el 23 de junio de 1894, y que se replica en todo el pa\u00eds. El \u201cD\u00eda Ol\u00edmpico\u201d es una celebraci\u00f3n del deporte y de mantenerse activo. Invita a todos a hacer [&hellip;]<\/p>\n","protected":false},"author":11,"featured_media":56588,"comment_status":"closed","ping_status":"closed","sticky":false,"template":"","format":"standard","meta":{"footnotes":""},"categories":[5],"tags":[],"class_list":["post-56587","post","type-post","status-publish","format-standard","has-post-thumbnail","hentry","category-deportes"],"_links":{"self":[{"href":"http:\/\/informeformosa.com.ar\/index.php?rest_route=\/wp\/v2\/posts\/56587","targetHints":{"allow":["GET"]}}],"collection":[{"href":"http:\/\/informeformosa.com.ar\/index.php?rest_route=\/wp\/v2\/posts"}],"about":[{"href":"http:\/\/informeformosa.com.ar\/index.php?rest_route=\/wp\/v2\/types\/post"}],"author":[{"embeddable":true,"href":"http:\/\/informeformosa.com.ar\/index.php?rest_route=\/wp\/v2\/users\/11"}],"replies":[{"embeddable":true,"href":"http:\/\/informeformosa.com.ar\/index.php?rest_route=%2Fwp%2Fv2%2Fcomments&post=56587"}],"version-history":[{"count":1,"href":"http:\/\/informeformosa.com.ar\/index.php?rest_route=\/wp\/v2\/posts\/56587\/revisions"}],"predecessor-version":[{"id":56589,"href":"http:\/\/informeformosa.com.ar\/index.php?rest_route=\/wp\/v2\/posts\/56587\/revisions\/56589"}],"wp:featuredmedia":[{"embeddable":true,"href":"http:\/\/informeformosa.com.ar\/index.php?rest_route=\/wp\/v2\/media\/56588"}],"wp:attachment":[{"href":"http:\/\/informeformosa.com.ar\/index.php?rest_route=%2Fwp%2Fv2%2Fmedia&parent=56587"}],"wp:term":[{"taxonomy":"category","embeddable":true,"href":"http:\/\/informeformosa.com.ar\/index.php?rest_route=%2Fwp%2Fv2%2Fcategories&post=56587"},{"taxonomy":"post_tag","embeddable":true,"href":"http:\/\/informeformosa.com.ar\/index.php?rest_route=%2Fwp%2Fv2%2Ftags&post=56587"}],"curies":[{"name":"wp","href":"https:\/\/api.w.org\/{rel}","templated":true}]}}