{"id":56584,"date":"2022-06-21T19:07:12","date_gmt":"2022-06-21T22:07:12","guid":{"rendered":"http:\/\/informeformosa.com.ar\/?p=56584"},"modified":"2022-06-21T19:07:13","modified_gmt":"2022-06-21T22:07:13","slug":"la-escuela-normal-se-prepara-para-festejar-sus-70-anos","status":"publish","type":"post","link":"http:\/\/informeformosa.com.ar\/?p=56584","title":{"rendered":"La Escuela Normal se prepara para festejar sus 70 a\u00f1os"},"content":{"rendered":"\n<p>Por eso, en la instituci\u00f3n ya se est\u00e1n llevando a cabo distintas actividades para celebrarlos, precis\u00f3 su rectora Estela D\u00edaz, en comunicaci\u00f3n con esta Agencia de Noticias Formosa (<strong>AGEFOR<\/strong>).<\/p>\n\n\n\n<p>Y expres\u00f3 que para la comunidad educativa \u201ces un gran momento de festejo donde todos los niveles participan con distintas actividades\u201d, a\u00f1adiendo que la primera fue la de las \u201cpintatas\u201d.<\/p>\n\n\n\n<p>Adem\u00e1s, para el d\u00eda mi\u00e9rcoles 22 est\u00e1 programada una marat\u00f3n y caminata, a partir de las 14 horas; para finalmente el d\u00eda del cumplea\u00f1os, jueves 23 de junio, realizarse el acto formal a las 9 de la ma\u00f1ana.<\/p>\n\n\n\n<p>Por esta raz\u00f3n, hizo extensiva la invitaci\u00f3n a todas las promociones que pasaron por la instituci\u00f3n, para que sea \u201cun gran festejo\u201d.<\/p>\n\n\n\n<p>Al finalizar, asever\u00f3 que se trata de una de las escuelas m\u00e1s grandes de Formosa, contando con una matr\u00edcula actual de m\u00e1s de 2400 alumnos entre nivel inicial, primario, secundario y superior, destac\u00e1ndose las distintas generaciones que pasan esta comunidad educativa.<\/p>\n","protected":false},"excerpt":{"rendered":"<p>Por eso, en la instituci\u00f3n ya se est\u00e1n llevando a cabo distintas actividades para celebrarlos, precis\u00f3 su rectora Estela D\u00edaz, en comunicaci\u00f3n con esta Agencia de Noticias Formosa (AGEFOR). Y expres\u00f3 que para la comunidad educativa \u201ces un gran momento de festejo donde todos los niveles participan con distintas actividades\u201d, a\u00f1adiendo que la primera fue [&hellip;]<\/p>\n","protected":false},"author":11,"featured_media":56591,"comment_status":"closed","ping_status":"closed","sticky":false,"template":"","format":"standard","meta":{"footnotes":""},"categories":[4],"tags":[],"class_list":["post-56584","post","type-post","status-publish","format-standard","has-post-thumbnail","hentry","category-educacion"],"_links":{"self":[{"href":"http:\/\/informeformosa.com.ar\/index.php?rest_route=\/wp\/v2\/posts\/56584","targetHints":{"allow":["GET"]}}],"collection":[{"href":"http:\/\/informeformosa.com.ar\/index.php?rest_route=\/wp\/v2\/posts"}],"about":[{"href":"http:\/\/informeformosa.com.ar\/index.php?rest_route=\/wp\/v2\/types\/post"}],"author":[{"embeddable":true,"href":"http:\/\/informeformosa.com.ar\/index.php?rest_route=\/wp\/v2\/users\/11"}],"replies":[{"embeddable":true,"href":"http:\/\/informeformosa.com.ar\/index.php?rest_route=%2Fwp%2Fv2%2Fcomments&post=56584"}],"version-history":[{"count":1,"href":"http:\/\/informeformosa.com.ar\/index.php?rest_route=\/wp\/v2\/posts\/56584\/revisions"}],"predecessor-version":[{"id":56592,"href":"http:\/\/informeformosa.com.ar\/index.php?rest_route=\/wp\/v2\/posts\/56584\/revisions\/56592"}],"wp:featuredmedia":[{"embeddable":true,"href":"http:\/\/informeformosa.com.ar\/index.php?rest_route=\/wp\/v2\/media\/56591"}],"wp:attachment":[{"href":"http:\/\/informeformosa.com.ar\/index.php?rest_route=%2Fwp%2Fv2%2Fmedia&parent=56584"}],"wp:term":[{"taxonomy":"category","embeddable":true,"href":"http:\/\/informeformosa.com.ar\/index.php?rest_route=%2Fwp%2Fv2%2Fcategories&post=56584"},{"taxonomy":"post_tag","embeddable":true,"href":"http:\/\/informeformosa.com.ar\/index.php?rest_route=%2Fwp%2Fv2%2Ftags&post=56584"}],"curies":[{"name":"wp","href":"https:\/\/api.w.org\/{rel}","templated":true}]}}