{"id":56581,"date":"2022-06-21T19:03:33","date_gmt":"2022-06-21T22:03:33","guid":{"rendered":"http:\/\/informeformosa.com.ar\/?p=56581"},"modified":"2022-06-21T19:03:34","modified_gmt":"2022-06-21T22:03:34","slug":"turismo-educa-tuvo-su-primer-recorrido-por-la-ciudad-capital","status":"publish","type":"post","link":"http:\/\/informeformosa.com.ar\/?p=56581","title":{"rendered":"\u201cTurismo Educa\u201d tuvo su primer recorrido por la ciudad Capital"},"content":{"rendered":"\n<p>En la jornada de este martes 21, tuvo lugar su primer recorrido el colectivo que pertenece al programa provincial \u201cTurismo Educa\u201d. El mismo responde a una acci\u00f3n conjunta del Ministerio de Cultura y Educaci\u00f3n y el Ministerio de Turismo de la provincia.<\/p>\n\n\n\n<p>En este contexto, fueron los j\u00f3venes de la EPES N\u00ba 99, del barrio La Nueva Formosa, los primeros en disfrutar de este recorrido tur\u00edstico y guidado con fines educativos, por la ciudad Capital, pasando por lugares hist\u00f3ricos, culturales e ic\u00f3nicos.<\/p>\n\n\n\n<p>Al respecto, el ministro de Cultura y Educaci\u00f3n de la provincia, Luis Eugenio Basterra, dijo que el programa significa la concreci\u00f3n de un trabajo arduo entre la cartera educativa y el Ministerio de Turismo, para compatibilizar el objetivo de mostrar nuestra ciudad y sus aspectos positivos, hist\u00f3ricos e institucionales.<\/p>\n\n\n\n<p>As\u00ed, se suma la estrategia \u201cpedag\u00f3gica\u201d, asever\u00f3 y agreg\u00f3 que \u201cen funci\u00f3n de esto nos pareci\u00f3 acertado que nuestros alumnos y alumnas tengan este paseo de reconocimiento de la ciudad y de la provincia toda\u201d.<\/p>\n\n\n\n<p>Asimismo, esto har\u00e1 que se afiance el \u201cser formose\u00f1os y su sentido de pertenencia que tiene que tener toda comunidad reconociendo lo que somos y las cosas buenas que tenemos por las que debemos sentirnos orgullosos\u201d, asegur\u00f3 en declaraciones recogidas por <strong>AGENFOR<\/strong>.<\/p>\n\n\n\n<p>\u201cEs importante que dimensionen lo que significa ser parte de una comunidad organizada, es decir lo que nosotros denominamos Modelo Formose\u00f1o, y por el que debemos apropiarnos todos los que aspiramos a que nuestra provincia tenga un futuro de progreso y bienestar\u201d, resalt\u00f3 Basterra.<\/p>\n\n\n\n<p>A su vez, expuso&nbsp; que \u201cTurismo Educa\u201d incluye a varias escuelas y tendr\u00e1 un viaje por la ma\u00f1ana y otro por la tarde, arrancando con los alumnos de sexto a\u00f1o de secundaria, con la idea de abarcar a todos para fin de a\u00f1o.<\/p>\n\n\n\n<p>Adelant\u00f3 tambi\u00e9n que los fines de semana habr\u00e1n paseos con los adultos mayores y estudiantes del interior provincial.<\/p>\n\n\n\n<p>Por su parte, Silvia Alejandra Segovia, ministra de Turismo de la provincia, manifest\u00f3 que el objetivo es promover todas las capacidades de conocimiento de los estudiantes, a trav\u00e9s de la experiencia y compartiendo salidas recreativas.<\/p>\n\n\n\n<p>De esta manera, involucramos a los j\u00f3venes en la actividad tur\u00edstica para aumentar \u201cel orgullo y sentido de pertenencia\u201d fundamentalmente, explic\u00f3.<\/p>\n\n\n\n<p>Precis\u00f3 que el recorrido ir\u00e1 variando de acuerdo a la curr\u00edcula que organiz\u00f3 cada uno de los establecimientos educativos, \u201cpero todos con el fin de visitar los lugares hist\u00f3ricos de la ciudad, desde polos sanitarios hasta centros deportivos\u201d, se\u00f1al\u00f3.<\/p>\n\n\n\n<p>Adem\u00e1s, subray\u00f3 que con estos paseos los estudiantes dar\u00e1n cuenta de que \u201cno siempre Formosa estuvo as\u00ed y podr\u00e1n entender la historia con sus transformaciones\u201d.<\/p>\n","protected":false},"excerpt":{"rendered":"<p>En la jornada de este martes 21, tuvo lugar su primer recorrido el colectivo que pertenece al programa provincial \u201cTurismo Educa\u201d. El mismo responde a una acci\u00f3n conjunta del Ministerio de Cultura y Educaci\u00f3n y el Ministerio de Turismo de la provincia. En este contexto, fueron los j\u00f3venes de la EPES N\u00ba 99, del barrio [&hellip;]<\/p>\n","protected":false},"author":11,"featured_media":56585,"comment_status":"closed","ping_status":"closed","sticky":false,"template":"","format":"standard","meta":{"footnotes":""},"categories":[19],"tags":[],"class_list":["post-56581","post","type-post","status-publish","format-standard","has-post-thumbnail","hentry","category-turismo"],"_links":{"self":[{"href":"http:\/\/informeformosa.com.ar\/index.php?rest_route=\/wp\/v2\/posts\/56581","targetHints":{"allow":["GET"]}}],"collection":[{"href":"http:\/\/informeformosa.com.ar\/index.php?rest_route=\/wp\/v2\/posts"}],"about":[{"href":"http:\/\/informeformosa.com.ar\/index.php?rest_route=\/wp\/v2\/types\/post"}],"author":[{"embeddable":true,"href":"http:\/\/informeformosa.com.ar\/index.php?rest_route=\/wp\/v2\/users\/11"}],"replies":[{"embeddable":true,"href":"http:\/\/informeformosa.com.ar\/index.php?rest_route=%2Fwp%2Fv2%2Fcomments&post=56581"}],"version-history":[{"count":1,"href":"http:\/\/informeformosa.com.ar\/index.php?rest_route=\/wp\/v2\/posts\/56581\/revisions"}],"predecessor-version":[{"id":56586,"href":"http:\/\/informeformosa.com.ar\/index.php?rest_route=\/wp\/v2\/posts\/56581\/revisions\/56586"}],"wp:featuredmedia":[{"embeddable":true,"href":"http:\/\/informeformosa.com.ar\/index.php?rest_route=\/wp\/v2\/media\/56585"}],"wp:attachment":[{"href":"http:\/\/informeformosa.com.ar\/index.php?rest_route=%2Fwp%2Fv2%2Fmedia&parent=56581"}],"wp:term":[{"taxonomy":"category","embeddable":true,"href":"http:\/\/informeformosa.com.ar\/index.php?rest_route=%2Fwp%2Fv2%2Fcategories&post=56581"},{"taxonomy":"post_tag","embeddable":true,"href":"http:\/\/informeformosa.com.ar\/index.php?rest_route=%2Fwp%2Fv2%2Ftags&post=56581"}],"curies":[{"name":"wp","href":"https:\/\/api.w.org\/{rel}","templated":true}]}}