{"id":56575,"date":"2022-06-21T19:01:36","date_gmt":"2022-06-21T22:01:36","guid":{"rendered":"http:\/\/informeformosa.com.ar\/?p=56575"},"modified":"2022-06-21T19:01:36","modified_gmt":"2022-06-21T22:01:36","slug":"laguna-blanca-se-fundo-en-coincidencia-con-la-habilitacion-de-la-escuela-nacional-n22","status":"publish","type":"post","link":"http:\/\/informeformosa.com.ar\/?p=56575","title":{"rendered":"Laguna Blanca se fund\u00f3 en coincidencia con la habilitaci\u00f3n de la Escuela Nacional n\u00b022"},"content":{"rendered":"\n<p>Reconocida por sus actividades educativas y culturales as\u00ed como el protagonismo de su comunidad en su evoluci\u00f3n integral, Laguna Blanca celebra este 22 de junio el cent\u00e9simo octavo aniversario de su fundaci\u00f3n que se estableci\u00f3 a pedido de los vecinos al gobernador Juan Jos\u00e9 Silva tomando como punto de partida la habilitaci\u00f3n de la Escuela Nacional N\u00b022, actualmente Escuela de Frontera N\u00b06.<\/p>\n\n\n\n<p>El gobernador Luna Olmos en 1905 y el destacado Jos\u00e9 Fern\u00e1ndez Cancio en sus memorias citan a Don Isabelino Alfonso como el primero en habitar esa zona y esa es la raz\u00f3n, adem\u00e1s de considerarse los rasgos solidarios del productor, se decidi\u00f3 denominarla Colonia Alfonso.<\/p>\n\n\n\n<p>En su relato, Mixdonio Portillo revela que Don Isabelino Alfonso contaba con muchos peones y que cada familia ten\u00eda su propia chacra adem\u00e1s de constru\u00edrseles viviendas y prove\u00e9rseles de vacas para que la producci\u00f3n de leche y carne fuese abundante y suficiente, posibilitando que paulatinamente se conformara un peque\u00f1o conglomerado poblacional que se fue consolidando como un pueblo.<\/p>\n\n\n\n<p>El 7 de marzo de 1914 el ministerio de Agricultura de la Naci\u00f3n cre\u00f3 la colonia agr\u00edcola Pastoril en las tierras conocidas como Colonia Alfonsoy, desde ese a\u00f1o hasta 1952, se realizaron diez trabajos de mensura para ordenar el asentamiento de los pobladores.<\/p>\n\n\n\n<p>En ese tiempo, la zona comienza a denominarse Laguna Blanca cuyo nombre deviene del inmenso y claro espejo de agua situado a pocos kil\u00f3metros del poblado.<\/p>\n\n\n\n<p>Pero es en el a\u00f1o 1911 que se registra la presencia de sacerdotes franciscanos en el lugar.Ellos utilizaban la ruta que se originaba en Clorinda y los llevaba hasta Misi\u00f3n Tacaagl\u00e9 por lo que hac\u00edan un alto en la colonia para bautizar a los primeros cristianos en el poblado.<\/p>\n\n\n\n<p>Previamente, en 1905, se crea un destacamento ambulatorio de la Polic\u00eda de Territorios Nacionales y en 1915 se establece la estafeta postal que era atendida por el director de la escuela, don Juan Bautista Dominici.<\/p>\n\n\n\n<p>En su referencia a los or\u00edgenes de la ciudad que hoy celebra 108 a\u00f1os, Portillo puntualiza que en 1917 se instala una Oficina de Registro Civil y el Juzgado de Paz; mientras que el 8 de julio de 1946 es reconocida la primera Comisi\u00f3n de Fomento de Laguna Blanca que tuvo a Carlos Sorrento como a su primer presidente.<\/p>\n\n\n\n<p>En 1941 se instala una Secci\u00f3n de Gendarmer\u00eda Nacional, el 6 de marzo de 1945 fray Aldo Bollini organiza una comisi\u00f3n pro templo y en 1951 la nueva capilla se habilita proclam\u00e1ndose a San Francisco de As\u00eds, como el santo patrono del pueblo a solicitud del recordado sacerdote Francisco Palacios.<\/p>\n\n\n\n<p>Refiere Mixdonio Portillo que con el paso de los a\u00f1os y mediante iniciativa delos vecinos se fueron creando numerosas instituciones, entre ellas la Cooperativa de Agua Potable, la Cooperativa Telef\u00f3nica y otras importantes entidades fruto de las iniciativas sociales, culturales y deportivas.<\/p>\n\n\n\n<p>Entre los vecinos que desplegaron una intensa labor comunitaria se menciona al doctor Miguel Ortiz ,m\u00e9dico de la zona; el doctor Pedro Euclides Insfr\u00e1n nacido en Laguna Blanca y cuyo nombre lleva el imponente Hospital Distrital que se halla en su fase final de construcci\u00f3n edilicia y que cuenta con moderno equipamiento para responder a la demanda de los pobladores de esa regi\u00f3n, as\u00ed como el primer farmac\u00e9utico, Juan R. Sainato y los m\u00e9dicos Juan Carlos Quintana y Hugo C\u00e9sar y Mar\u00eda Carmen Recalde.<\/p>\n\n\n\n<p>El relato hist\u00f3rico menciona, entre otras tantas cosas, la instalaci\u00f3n durante el gobierno del general Juan Domingo Per\u00f3n y en el marco del Primer Plan Quinquenal, de la primera desmotadora oficial de algod\u00f3n, la construcci\u00f3n del edificio para la Escuela de Frontera N\u00b06, la sede del Correo y el hospital lugare\u00f1o.<\/p>\n\n\n\n<p>En el abordaje de los temas educativos, Portillo recuerda con aprecio a los docentes que dejaron plasmada en el alma de la comunidad sus improntas como docentes y su servicio altruista y patri\u00f3tico a la comunidad citando a do\u00f1a Candelaria Godoy de Dominici y a Don El\u00edas Fern\u00e1ndez Carrizo, entre otros.<\/p>\n\n\n\n<p>En 1969 se crea la Escuela Agrot\u00e9cnica que entreg\u00f3 sus primeros egresados a la comunidad en 1971.<\/p>\n\n\n\n<p>Ese mismo a\u00f1o por iniciativa del padre Francisco Palacios fue constitu\u00eda la Liga de Madres de Familia integrada por damas con vocaci\u00f3n de servicio; y en 1979 se habilita la Guarder\u00eda Infantil del Ni\u00f1o Jes\u00fas, actualmente presidida por Margarita de Portillo que cuenta con una matr\u00edcula de casi 100 alumnos con salas para chicos de 2,3,4 y 5 a\u00f1os atendidos por cinco docentes y una directora.<\/p>\n\n\n\n<p>Los lagunenses se sienten orgullosos de su ciudad y no se olvidan de mencionar que cuentan con un complejo polideportivo altamente moderno, con las instalaciones ideales para la realizaci\u00f3n de las m\u00e1s variadas competencias deportivas y actividades de \u00edndole cultural, un rubro en el que resalta Laguna Blanca.<\/p>\n","protected":false},"excerpt":{"rendered":"<p>Reconocida por sus actividades educativas y culturales as\u00ed como el protagonismo de su comunidad en su evoluci\u00f3n integral, Laguna Blanca celebra este 22 de junio el cent\u00e9simo octavo aniversario de su fundaci\u00f3n que se estableci\u00f3 a pedido de los vecinos al gobernador Juan Jos\u00e9 Silva tomando como punto de partida la habilitaci\u00f3n de la Escuela [&hellip;]<\/p>\n","protected":false},"author":11,"featured_media":56582,"comment_status":"closed","ping_status":"closed","sticky":false,"template":"","format":"standard","meta":{"footnotes":""},"categories":[11],"tags":[],"class_list":["post-56575","post","type-post","status-publish","format-standard","has-post-thumbnail","hentry","category-interior"],"_links":{"self":[{"href":"http:\/\/informeformosa.com.ar\/index.php?rest_route=\/wp\/v2\/posts\/56575","targetHints":{"allow":["GET"]}}],"collection":[{"href":"http:\/\/informeformosa.com.ar\/index.php?rest_route=\/wp\/v2\/posts"}],"about":[{"href":"http:\/\/informeformosa.com.ar\/index.php?rest_route=\/wp\/v2\/types\/post"}],"author":[{"embeddable":true,"href":"http:\/\/informeformosa.com.ar\/index.php?rest_route=\/wp\/v2\/users\/11"}],"replies":[{"embeddable":true,"href":"http:\/\/informeformosa.com.ar\/index.php?rest_route=%2Fwp%2Fv2%2Fcomments&post=56575"}],"version-history":[{"count":1,"href":"http:\/\/informeformosa.com.ar\/index.php?rest_route=\/wp\/v2\/posts\/56575\/revisions"}],"predecessor-version":[{"id":56583,"href":"http:\/\/informeformosa.com.ar\/index.php?rest_route=\/wp\/v2\/posts\/56575\/revisions\/56583"}],"wp:featuredmedia":[{"embeddable":true,"href":"http:\/\/informeformosa.com.ar\/index.php?rest_route=\/wp\/v2\/media\/56582"}],"wp:attachment":[{"href":"http:\/\/informeformosa.com.ar\/index.php?rest_route=%2Fwp%2Fv2%2Fmedia&parent=56575"}],"wp:term":[{"taxonomy":"category","embeddable":true,"href":"http:\/\/informeformosa.com.ar\/index.php?rest_route=%2Fwp%2Fv2%2Fcategories&post=56575"},{"taxonomy":"post_tag","embeddable":true,"href":"http:\/\/informeformosa.com.ar\/index.php?rest_route=%2Fwp%2Fv2%2Ftags&post=56575"}],"curies":[{"name":"wp","href":"https:\/\/api.w.org\/{rel}","templated":true}]}}