{"id":56572,"date":"2022-06-21T19:00:50","date_gmt":"2022-06-21T22:00:50","guid":{"rendered":"http:\/\/informeformosa.com.ar\/?p=56572"},"modified":"2022-06-21T19:00:50","modified_gmt":"2022-06-21T22:00:50","slug":"empezo-la-implementacion-del-programa-participar-en-la-provincia","status":"publish","type":"post","link":"http:\/\/informeformosa.com.ar\/?p=56572","title":{"rendered":"Empez\u00f3 la implementaci\u00f3n del programa Participar en la provincia"},"content":{"rendered":"\n<p>En di\u00e1logo con <strong>AGENFOR<\/strong>, la referente provincial del programa Participar, licenciada Angela Medina, confirm\u00f3 que inici\u00f3 la implementaci\u00f3n del mismo en el territorio formose\u00f1o y brind\u00f3 detalles acerca de su funcionamiento.<\/p>\n\n\n\n<p>\u201cEl programa participar es una l\u00ednea nacional que depende de la Subsecretaria de Participaci\u00f3n y Democratizaci\u00f3n Educativa, a cargo de la doctora Graciela Morgade\u201d, indic\u00f3.<\/p>\n\n\n\n<p>Y agreg\u00f3: \u201cSe est\u00e1 implementando en la provincia, es muy nuevo, el espacio est\u00e1 en construcci\u00f3n; y tiene que ver con revincular a las distintas organizaciones sociales con las instituciones escolares y el Ministerio de Educaci\u00f3n\u201d.<\/p>\n\n\n\n<p>En ese sentido, Medina destac\u00f3 que la implementaci\u00f3n apunta a la construcci\u00f3n colectiva que, desde lo ideol\u00f3gico, se trata de la Comunidad Organizada que \u201cest\u00e1 plasmada en nuestro Modelo Formose\u00f1o\u201d.<\/p>\n\n\n\n<p>Adem\u00e1s, se\u00f1al\u00f3 que sus objetivos puntuales son incorporar activamente a los diferentes actores sociales, profundizar su participaci\u00f3n en cada uno de los espacios, impregnar las pr\u00e1cticas pedag\u00f3gicas y promover una participaci\u00f3n multisectorial.<\/p>\n\n\n\n<p>\u201cYa se implement\u00f3 en el resto de las provincias porque es una l\u00ednea federal, de igual manera pensamos hacerlo aqu\u00ed, revinculando con las instituciones y organismos, desde las municipalidades ylas 19 delegaciones zonales que tenemos\u201d, explic\u00f3.<\/p>\n\n\n\n<p>Y a\u00f1adi\u00f3 que, en primera instancia, est\u00e1n llevando a cabo un mapeo sobre las organizaciones de la sociedad civil que existen en la provincia y tienen que ver m\u00e1s que nada con la cultura, el deporte, los medios de comunicaci\u00f3n, personas migrantes, feminismos, comunidad LGBTIQ+ y otros colectivos, \u201cpara realizar juntos actividades en las instituciones escolares y poder as\u00ed fortalecer y acompa\u00f1ar para construir juntos este espacio\u201d.<\/p>\n\n\n\n<p>\u201cEn la provincia de Formosa el sistema educativo vincula a trav\u00e9s de diferentes coordinaciones, como la de Educaci\u00f3n f\u00edsica o las modalidades Rural, Especial, Art\u00edstica, pero la idea es hacer un trabajo m\u00e1s integral para fortalecer estos tipos de v\u00ednculos\u201d, aclar\u00f3.<\/p>\n\n\n\n<p>Por \u00faltimo, la responsable del \u00e1rea, detall\u00f3 que las organizaciones interesadas en sumarse al programa pueden comunicarse a trav\u00e9s del mail <a href=\"mailto:participarfsa@gmail.com\">participarfsa@gmail.com<\/a>y en Facebook o Instagram: Participar Formosa,\u201cporque sabemos que a trav\u00e9s de las redes el contacto es inmediato\u201d.<\/p>\n\n\n\n<p>\u201cAs\u00ed que, si hay organizaciones que est\u00e1n interesadas en realizar alg\u00fan tipo de actividades con el Ministerio de Educaci\u00f3no conalg\u00fan establecimiento en especial, pueden contactarnos y a trav\u00e9s de ellos vamos a establecer un trabajo organizado para llevar a cabo actividades de sus intereses\u201d, concluy\u00f3.<\/p>\n","protected":false},"excerpt":{"rendered":"<p>En di\u00e1logo con AGENFOR, la referente provincial del programa Participar, licenciada Angela Medina, confirm\u00f3 que inici\u00f3 la implementaci\u00f3n del mismo en el territorio formose\u00f1o y brind\u00f3 detalles acerca de su funcionamiento. \u201cEl programa participar es una l\u00ednea nacional que depende de la Subsecretaria de Participaci\u00f3n y Democratizaci\u00f3n Educativa, a cargo de la doctora Graciela Morgade\u201d, [&hellip;]<\/p>\n","protected":false},"author":11,"featured_media":56579,"comment_status":"closed","ping_status":"closed","sticky":false,"template":"","format":"standard","meta":{"footnotes":""},"categories":[21],"tags":[],"class_list":["post-56572","post","type-post","status-publish","format-standard","has-post-thumbnail","hentry","category-provinciales"],"_links":{"self":[{"href":"http:\/\/informeformosa.com.ar\/index.php?rest_route=\/wp\/v2\/posts\/56572","targetHints":{"allow":["GET"]}}],"collection":[{"href":"http:\/\/informeformosa.com.ar\/index.php?rest_route=\/wp\/v2\/posts"}],"about":[{"href":"http:\/\/informeformosa.com.ar\/index.php?rest_route=\/wp\/v2\/types\/post"}],"author":[{"embeddable":true,"href":"http:\/\/informeformosa.com.ar\/index.php?rest_route=\/wp\/v2\/users\/11"}],"replies":[{"embeddable":true,"href":"http:\/\/informeformosa.com.ar\/index.php?rest_route=%2Fwp%2Fv2%2Fcomments&post=56572"}],"version-history":[{"count":1,"href":"http:\/\/informeformosa.com.ar\/index.php?rest_route=\/wp\/v2\/posts\/56572\/revisions"}],"predecessor-version":[{"id":56580,"href":"http:\/\/informeformosa.com.ar\/index.php?rest_route=\/wp\/v2\/posts\/56572\/revisions\/56580"}],"wp:featuredmedia":[{"embeddable":true,"href":"http:\/\/informeformosa.com.ar\/index.php?rest_route=\/wp\/v2\/media\/56579"}],"wp:attachment":[{"href":"http:\/\/informeformosa.com.ar\/index.php?rest_route=%2Fwp%2Fv2%2Fmedia&parent=56572"}],"wp:term":[{"taxonomy":"category","embeddable":true,"href":"http:\/\/informeformosa.com.ar\/index.php?rest_route=%2Fwp%2Fv2%2Fcategories&post=56572"},{"taxonomy":"post_tag","embeddable":true,"href":"http:\/\/informeformosa.com.ar\/index.php?rest_route=%2Fwp%2Fv2%2Ftags&post=56572"}],"curies":[{"name":"wp","href":"https:\/\/api.w.org\/{rel}","templated":true}]}}