{"id":56567,"date":"2022-06-21T18:54:41","date_gmt":"2022-06-21T21:54:41","guid":{"rendered":"http:\/\/informeformosa.com.ar\/?p=56567"},"modified":"2022-06-21T18:54:41","modified_gmt":"2022-06-21T21:54:41","slug":"el-fontex-entrego-indumentaria-al-ministerio-de-la-comunidad","status":"publish","type":"post","link":"http:\/\/informeformosa.com.ar\/?p=56567","title":{"rendered":"El FONTEX entreg\u00f3 indumentaria al Ministerio de la Comunidad"},"content":{"rendered":"\n<p>Este martes 21, el Programa de Desarrollo Productivo Industrial del Sector Textil de Formosa FONTEX, entreg\u00f3 una serie de toallas y ropas de cama al Ministerio de la Comunidad, que ser\u00e1n destinadas a las diferentes instituciones que tiene bajo su responsabilidad dicha cartera.<\/p>\n\n\n\n<p>En ese marco, el subsecretario de Desarrollo Econ\u00f3mico, Horacio Cosenza, precis\u00f3 a <strong>AGENFOR<\/strong> que la entrega consisti\u00f3 en 400 toallas, 388 juegos de s\u00e1bana y 336 mantas polares.<\/p>\n\n\n\n<p>\u201cLa idea es, en principio, cubrir esa necesidad que tiene el Ministerio y apartir de ah\u00ed, como hablamos siempre, la sustituci\u00f3n de importaciones, es decir, que manos formose\u00f1as hoy confeccionen y a trav\u00e9s de ellas el programa FONTEX pueda entregar a diferentes instituciones, dependiendo de las necesidades de los diferentes organismos provinciales\u201d, explic\u00f3.<\/p>\n\n\n\n<p>Asimismo, detall\u00f3 que el programa se nutre de aproximadamente 750 personas y 50 cooperativas apostadas en 18 localidades de la provincia.<\/p>\n\n\n\n<p>\u201cNosotros estamos muy conformes desde el punto de vista que se genera mucho trabajo con este programa, la orden pol\u00edtica del gobernador Insfr\u00e1n desde el primer momento fue poder llevar adelante aquellos productos que la provincia necesitaba\u201d, expres\u00f3.<\/p>\n\n\n\n<p>Y resalt\u00f3: \u201cEmpezamos con los guardapolvos, pero hoy ya estamos hablando de s\u00e1banas, frazadas, barbijos, camisolines, todos insumos que durante la pandemia el FONTEX pudo confeccionar para cubrir parte de nuestra demanda\u201d.<\/p>\n\n\n\n<p>Por su parte, la ministra de la Comunidad, Gloria Gim\u00e9nez, sostuvo que \u201ccon much\u00edsima alegr\u00eda vinimos a recibir esta gran cantidad de productos que el Gobierno de la provincia de Formosa pone a disposici\u00f3n de las residencias socioeducativas\u201d.<\/p>\n\n\n\n<p>En ese sentido, precis\u00f3 que son seis y diferenci\u00f3 las que alojan a ni\u00f1os de cero a 18 a\u00f1os, a j\u00f3venes infractores de la ley penal, a las familias que cuentan con alg\u00fan familiar internado o con tratamiento continuo, a las personas con discapacidad y a los adultos mayores.<\/p>\n\n\n\n<p>\u201cTambi\u00e9n a los Centros de Desarrollo Infantil (CDI) que actualmente tenemos nueve funcionando en capital y nueve en el interior; y pr\u00f3ximamente tendremos 32 que est\u00e1n en obras\u201d, destac\u00f3.<\/p>\n\n\n\n<p>Y a\u00f1adi\u00f3 que los ni\u00f1os que se quedan en un CDI reciben una atenci\u00f3n integral ya que \u201cson familias vulnerables que dejan sus ni\u00f1os ah\u00ed y muchas veces por elecci\u00f3n de la familia tambi\u00e9n asisten all\u00ed, es abierto a toda la comunidad\u201d.<\/p>\n\n\n\n<p>Para finalizar, la funcionaria cont\u00f3 que agradecieron a las personas que confeccionaron las prendas entregadas y asever\u00f3 que \u201cpara nosotros tiene mucho m\u00e1s valor y nos pone m\u00e1s contentos porque est\u00e1n hechas por familias trabajadoras destinadas a personas vulnerables y estamos restituyendo sus derechos\u201d.<\/p>\n\n\n\n<p>\u201cPersonas que a lo mejor por primera vez van a tener sus elementos personales y que lo da el gobernador porque \u00e9l, a trav\u00e9s del FONTEX, puede poner en cada residencia o CDI, todos los elementos de primer nivel, de mucha calidad, a disposici\u00f3n de la poblaci\u00f3n\u201d, concluy\u00f3.<\/p>\n","protected":false},"excerpt":{"rendered":"<p>Este martes 21, el Programa de Desarrollo Productivo Industrial del Sector Textil de Formosa FONTEX, entreg\u00f3 una serie de toallas y ropas de cama al Ministerio de la Comunidad, que ser\u00e1n destinadas a las diferentes instituciones que tiene bajo su responsabilidad dicha cartera. En ese marco, el subsecretario de Desarrollo Econ\u00f3mico, Horacio Cosenza, precis\u00f3 a [&hellip;]<\/p>\n","protected":false},"author":11,"featured_media":56573,"comment_status":"closed","ping_status":"closed","sticky":false,"template":"","format":"standard","meta":{"footnotes":""},"categories":[21],"tags":[],"class_list":["post-56567","post","type-post","status-publish","format-standard","has-post-thumbnail","hentry","category-provinciales"],"_links":{"self":[{"href":"http:\/\/informeformosa.com.ar\/index.php?rest_route=\/wp\/v2\/posts\/56567","targetHints":{"allow":["GET"]}}],"collection":[{"href":"http:\/\/informeformosa.com.ar\/index.php?rest_route=\/wp\/v2\/posts"}],"about":[{"href":"http:\/\/informeformosa.com.ar\/index.php?rest_route=\/wp\/v2\/types\/post"}],"author":[{"embeddable":true,"href":"http:\/\/informeformosa.com.ar\/index.php?rest_route=\/wp\/v2\/users\/11"}],"replies":[{"embeddable":true,"href":"http:\/\/informeformosa.com.ar\/index.php?rest_route=%2Fwp%2Fv2%2Fcomments&post=56567"}],"version-history":[{"count":1,"href":"http:\/\/informeformosa.com.ar\/index.php?rest_route=\/wp\/v2\/posts\/56567\/revisions"}],"predecessor-version":[{"id":56574,"href":"http:\/\/informeformosa.com.ar\/index.php?rest_route=\/wp\/v2\/posts\/56567\/revisions\/56574"}],"wp:featuredmedia":[{"embeddable":true,"href":"http:\/\/informeformosa.com.ar\/index.php?rest_route=\/wp\/v2\/media\/56573"}],"wp:attachment":[{"href":"http:\/\/informeformosa.com.ar\/index.php?rest_route=%2Fwp%2Fv2%2Fmedia&parent=56567"}],"wp:term":[{"taxonomy":"category","embeddable":true,"href":"http:\/\/informeformosa.com.ar\/index.php?rest_route=%2Fwp%2Fv2%2Fcategories&post=56567"},{"taxonomy":"post_tag","embeddable":true,"href":"http:\/\/informeformosa.com.ar\/index.php?rest_route=%2Fwp%2Fv2%2Ftags&post=56567"}],"curies":[{"name":"wp","href":"https:\/\/api.w.org\/{rel}","templated":true}]}}