{"id":56563,"date":"2022-06-21T18:53:37","date_gmt":"2022-06-21T21:53:37","guid":{"rendered":"http:\/\/informeformosa.com.ar\/?p=56563"},"modified":"2022-06-21T18:53:38","modified_gmt":"2022-06-21T21:53:38","slug":"opngt-ultiman-detalles-para-la-edicion-del-proximo-sabado-en-el-juan-domingo-peron","status":"publish","type":"post","link":"http:\/\/informeformosa.com.ar\/?p=56563","title":{"rendered":"OPNGT: Ultiman detalles para la edici\u00f3n del pr\u00f3ximo s\u00e1bado en el Juan Domingo Per\u00f3n"},"content":{"rendered":"\n<p>De cara a una nueva edici\u00f3n del Operativo Solidario Por Nuestra Gente Todo (OPNGT), que se llevar\u00e1 a cabo el pr\u00f3ximo s\u00e1bado 25 en la EPEP N\u00b0147 del barrio Juan Domingo Per\u00f3n de esta ciudad capital, este martes 21 se realiz\u00f3 una reuni\u00f3n organizativa con funcionarios del Poder Ejecutivo, legisladores, docentes, personal policial y vecinos de la zona.<\/p>\n\n\n\n<p>Al respecto, la <strong>Agencia de Noticias de Formosa<\/strong>, convers\u00f3 con el concejal capitalino, Hugo \u201cCacho\u201d Garc\u00eda, quien brind\u00f3 detalles acerca de los trabajos que se est\u00e1n llevando adelante en dicho barrio.<\/p>\n\n\n\n<p>\u201cHace una semana comenzamos a transitar el arreglo de las calles, en el Juan Domingo, Luj\u00e1n, San Isidro, hoy estamos con algunas arterias que se van a enripiar, algunos arreglos, iluminaci\u00f3n\u201d, indic\u00f3.<\/p>\n\n\n\n<p>Adem\u00e1s, dijo que tambi\u00e9n se puso en condiciones la escuela que ser\u00e1 sede del operativo para que el s\u00e1bado 25 \u201cpodamos recibir a toda la gente\u201d.<\/p>\n\n\n\n<p>\u201cEl operativo nuevamente es una realidad, abarca los barrios Municipal, Juan Domingo, Luj\u00e1n, San Isidro, es una franja bastante extensa y grande, as\u00ed que se est\u00e1 trabajando mucho con la Municipalidad, Obras P\u00fablicas de la provincia y el Instituto Provincial de la Vivienda\u201d, detall\u00f3 el edil.<\/p>\n\n\n\n<p>Y agreg\u00f3: \u201cEstamos compartiendo una tarea que tiene como prioridad poner en las mejores condiciones posibles todos los barrios, que permite hablar con los vecinos, recabar algunos requerimientos, ver de qu\u00e9 manera se puede resolver los problemas, porque nosotros ponemos a consideraci\u00f3n de las autoridades competentes y se ve de qu\u00e9 manera podemos, en un tiempo m\u00e1s extenso, concretarlo\u201d.<\/p>\n\n\n\n<p>Por \u00faltimo, Garc\u00eda dese\u00f3 que \u201cel tiempo nos acompa\u00f1e\u201d para que \u201clos arreglos perduren\u201d, ya que cuando llueve, a veces,\u201ccondiciona poder seguir haciendo las tareas, por el equipamiento, equipos pesados, pero lo importante es que hasta ahora se est\u00e1 haciendo de la mejor manera y esperemos que esto contin\u00fae\u201d.<\/p>\n","protected":false},"excerpt":{"rendered":"<p>De cara a una nueva edici\u00f3n del Operativo Solidario Por Nuestra Gente Todo (OPNGT), que se llevar\u00e1 a cabo el pr\u00f3ximo s\u00e1bado 25 en la EPEP N\u00b0147 del barrio Juan Domingo Per\u00f3n de esta ciudad capital, este martes 21 se realiz\u00f3 una reuni\u00f3n organizativa con funcionarios del Poder Ejecutivo, legisladores, docentes, personal policial y vecinos [&hellip;]<\/p>\n","protected":false},"author":11,"featured_media":56570,"comment_status":"closed","ping_status":"closed","sticky":false,"template":"","format":"standard","meta":{"footnotes":""},"categories":[21],"tags":[],"class_list":["post-56563","post","type-post","status-publish","format-standard","has-post-thumbnail","hentry","category-provinciales"],"_links":{"self":[{"href":"http:\/\/informeformosa.com.ar\/index.php?rest_route=\/wp\/v2\/posts\/56563","targetHints":{"allow":["GET"]}}],"collection":[{"href":"http:\/\/informeformosa.com.ar\/index.php?rest_route=\/wp\/v2\/posts"}],"about":[{"href":"http:\/\/informeformosa.com.ar\/index.php?rest_route=\/wp\/v2\/types\/post"}],"author":[{"embeddable":true,"href":"http:\/\/informeformosa.com.ar\/index.php?rest_route=\/wp\/v2\/users\/11"}],"replies":[{"embeddable":true,"href":"http:\/\/informeformosa.com.ar\/index.php?rest_route=%2Fwp%2Fv2%2Fcomments&post=56563"}],"version-history":[{"count":1,"href":"http:\/\/informeformosa.com.ar\/index.php?rest_route=\/wp\/v2\/posts\/56563\/revisions"}],"predecessor-version":[{"id":56571,"href":"http:\/\/informeformosa.com.ar\/index.php?rest_route=\/wp\/v2\/posts\/56563\/revisions\/56571"}],"wp:featuredmedia":[{"embeddable":true,"href":"http:\/\/informeformosa.com.ar\/index.php?rest_route=\/wp\/v2\/media\/56570"}],"wp:attachment":[{"href":"http:\/\/informeformosa.com.ar\/index.php?rest_route=%2Fwp%2Fv2%2Fmedia&parent=56563"}],"wp:term":[{"taxonomy":"category","embeddable":true,"href":"http:\/\/informeformosa.com.ar\/index.php?rest_route=%2Fwp%2Fv2%2Fcategories&post=56563"},{"taxonomy":"post_tag","embeddable":true,"href":"http:\/\/informeformosa.com.ar\/index.php?rest_route=%2Fwp%2Fv2%2Ftags&post=56563"}],"curies":[{"name":"wp","href":"https:\/\/api.w.org\/{rel}","templated":true}]}}