{"id":56559,"date":"2022-06-21T18:46:56","date_gmt":"2022-06-21T21:46:56","guid":{"rendered":"http:\/\/informeformosa.com.ar\/?p=56559"},"modified":"2022-06-21T18:46:56","modified_gmt":"2022-06-21T21:46:56","slug":"se-realizaron-multiples-actividades-por-el-mes-del-ambiente","status":"publish","type":"post","link":"http:\/\/informeformosa.com.ar\/?p=56559","title":{"rendered":"Se realizaron m\u00faltiples actividades por el mes del ambiente"},"content":{"rendered":"\n<p>En el marco del d\u00eda del ambiente se dio inicio a una serie de actividades que fueron realizando a lo largo del mes, bajo el lema \u201cUna sola tierra\u201d en distintos espacios e instituciones educativas de la provincia. Las acciones fueron llevadas adelante por la Direcci\u00f3n de Recursos Naturales y Gesti\u00f3n, dependiente del Ministerio de la Producci\u00f3n y Ambiente.<\/p>\n\n\n\n<p>En el nivel inicial, con los jardines de Infantes Nucleados N\u00b0 6 \u201cArmando De Vita y Lacerra\u201d, con la Sede N\u00b0179 del barrio Don Bosco,&nbsp; el Anexo N\u00b0240 del Barrio La Paz, el Anexo N\u00b0124 del Barrio Fontana, y el Anexo N\u00b0 224 del Barrio Obrero, se compartieron jornadas en las que el juego fue herramienta de aprendizaje en actividades ambientales.<\/p>\n\n\n\n<p>Adem\u00e1s, se realiz\u00f3 entrega de plantines, semillas y elementos did\u00e1cticos para todos los docentes y se dej\u00f3 en la instituci\u00f3n el Material de Educaci\u00f3n Ambiental de Formosa.<\/p>\n\n\n\n<p>Asimismo, en el nivel universitario, se efectu\u00f3 un Conversatorio sobre Educaci\u00f3n Ambiental jornada en el IUF (Instituto Universitario de Formosa) en Laguna Blanca, con el fin de sensibilizar a la poblaci\u00f3n sobre temas ambientales y la salud de nuestros ecosistemas. Desde el Ministerio de la Producci\u00f3n y Ambiente se debati\u00f3 sobre \u00abPrevenci\u00f3n de incendios rurales y pastizales\u00bb.<\/p>\n\n\n\n<p>En la misma l\u00ednea,&nbsp; se capacit\u00f3 a bomberos y dependencias policiales de la provincia y personal de parques nacionales sobre \u201cEl entorno del fuego\u201d, una charla coordinada desde el MPyA junto al Sistema Nacional de Manejo del Fuego, a trav\u00e9s de la Direcci\u00f3n de Monitoreo y Prevenci\u00f3n, con la colaboraci\u00f3n de la Polic\u00eda de Formosa.<\/p>\n\n\n\n<p>En la Universidad Nacional de Formosa (UNaF), se llev\u00f3 adelante un conversatorio ambiental, donde t\u00e9cnicos del MPyA expusieron sobre \u201cEl Ordenamiento Territorial y la Diversidad\u201d y el \u201cDesarrollo de Capacidades para la Acci\u00f3n temprana ante incendios Forestales y Pastizales de la Provincia de Formosa\u201d.<\/p>\n\n\n\n<p><strong>Compromiso ambiental<\/strong><\/p>\n\n\n\n<p>En la Reserva de Biosfera \u201cLaguna Oca\u201d se celebr\u00f3 una jornada ambiental que culmin\u00f3 con un emotivo compromiso a la Bandera Ecol\u00f3gica, en donde ni\u00f1os y ni\u00f1as del 5to grado de ambos turnos de la Escuela Provincial de Educaci\u00f3n Primaria N\u00b0124 \u201cLuis Jorge Fontana\u201d dieron su compromiso de cuidar el ambiente.<\/p>\n\n\n\n<p>Fue una jornada de juegos educativos ecol\u00f3gicos, avistaje de aves y se realiz\u00f3 plantaci\u00f3n con las y los ni\u00f1os. Adem\u00e1s, se realiz\u00f3 la colocaci\u00f3n de carteler\u00eda promoviendo el cuidado del ambiente y la concientizaci\u00f3n ambiental, con entrega de plantines del Vivero Forestal Provincial \u201cSargento Rivarola\u201d a los padres y docentes, entrega de presentes con semillas nativas y entrega de material did\u00e1ctico, l\u00e1minas y manuales a todos los docentes.<\/p>\n\n\n\n<p>Involucr\u00f3 a diferentes instituciones, los Ministerios: de Producci\u00f3n y Ambiente, el de Cultura y Educaci\u00f3n y el de Turismo, los integrantes de la Reserva de Biosfera Laguna Oca, el Profesorado de Educaci\u00f3n F\u00edsica (I.S.F.D.), el Ej\u00e9rcito Argentino y la Polic\u00eda de la Provincia de Formosa.<\/p>\n","protected":false},"excerpt":{"rendered":"<p>En el marco del d\u00eda del ambiente se dio inicio a una serie de actividades que fueron realizando a lo largo del mes, bajo el lema \u201cUna sola tierra\u201d en distintos espacios e instituciones educativas de la provincia. Las acciones fueron llevadas adelante por la Direcci\u00f3n de Recursos Naturales y Gesti\u00f3n, dependiente del Ministerio de [&hellip;]<\/p>\n","protected":false},"author":11,"featured_media":56565,"comment_status":"closed","ping_status":"closed","sticky":false,"template":"","format":"standard","meta":{"footnotes":""},"categories":[21],"tags":[],"class_list":["post-56559","post","type-post","status-publish","format-standard","has-post-thumbnail","hentry","category-provinciales"],"_links":{"self":[{"href":"http:\/\/informeformosa.com.ar\/index.php?rest_route=\/wp\/v2\/posts\/56559","targetHints":{"allow":["GET"]}}],"collection":[{"href":"http:\/\/informeformosa.com.ar\/index.php?rest_route=\/wp\/v2\/posts"}],"about":[{"href":"http:\/\/informeformosa.com.ar\/index.php?rest_route=\/wp\/v2\/types\/post"}],"author":[{"embeddable":true,"href":"http:\/\/informeformosa.com.ar\/index.php?rest_route=\/wp\/v2\/users\/11"}],"replies":[{"embeddable":true,"href":"http:\/\/informeformosa.com.ar\/index.php?rest_route=%2Fwp%2Fv2%2Fcomments&post=56559"}],"version-history":[{"count":1,"href":"http:\/\/informeformosa.com.ar\/index.php?rest_route=\/wp\/v2\/posts\/56559\/revisions"}],"predecessor-version":[{"id":56566,"href":"http:\/\/informeformosa.com.ar\/index.php?rest_route=\/wp\/v2\/posts\/56559\/revisions\/56566"}],"wp:featuredmedia":[{"embeddable":true,"href":"http:\/\/informeformosa.com.ar\/index.php?rest_route=\/wp\/v2\/media\/56565"}],"wp:attachment":[{"href":"http:\/\/informeformosa.com.ar\/index.php?rest_route=%2Fwp%2Fv2%2Fmedia&parent=56559"}],"wp:term":[{"taxonomy":"category","embeddable":true,"href":"http:\/\/informeformosa.com.ar\/index.php?rest_route=%2Fwp%2Fv2%2Fcategories&post=56559"},{"taxonomy":"post_tag","embeddable":true,"href":"http:\/\/informeformosa.com.ar\/index.php?rest_route=%2Fwp%2Fv2%2Ftags&post=56559"}],"curies":[{"name":"wp","href":"https:\/\/api.w.org\/{rel}","templated":true}]}}