{"id":56558,"date":"2022-06-21T18:45:40","date_gmt":"2022-06-21T21:45:40","guid":{"rendered":"http:\/\/informeformosa.com.ar\/?p=56558"},"modified":"2022-06-21T18:45:41","modified_gmt":"2022-06-21T21:45:41","slug":"se-puso-en-marcha-la-pavimentacion-de-la-rp-n23","status":"publish","type":"post","link":"http:\/\/informeformosa.com.ar\/?p=56558","title":{"rendered":"Se puso en marcha la pavimentaci\u00f3n de la RP N\u00b023"},"content":{"rendered":"\n<p>La pavimentaci\u00f3n de la Ruta Provincial N\u00b0 23 en el empalme con la Ruta Nacional N\u00b0 81 a la altura de Palo Santo y la RN N\u00b086 en General Belgrano, hab\u00eda sido paralizada por el gobierno del expresidente Mauricio Macri, \u201cun sue\u00f1o postergado\u201d como lo consideran los pobladores de la zona.<\/p>\n\n\n\n<p>Sin embargo, gracias a la gesti\u00f3n del gobernador Gildo Insfr\u00e1n, actualmente est\u00e1 de nuevo en ejecuci\u00f3n, con un importante n\u00famero de obreros y m\u00e1quinas trabajando en el lugar.<\/p>\n\n\n\n<p>Se refiri\u00f3 al tema, el intendente de General Belgrano, Aldo Minetti, expresando que \u201ces una alegr\u00eda para nosotros ver como se puso en marcha esta obra\u201d, enfatizando que \u201ces un sue\u00f1o hecho realidad\u201d.<\/p>\n\n\n\n<p>En esa l\u00ednea, indic\u00f3 que \u201cser\u00e1 un gran beneficio para ganaderos y agricultores de la zona\u201d, a\u00f1adiendo que \u201cfortalecer\u00e1 toda la producci\u00f3n primaria, d\u00e1ndole a los productores, comerciantes y comunidad en general, la posibilidad de movilizarse con mayor tranquilidad\u201d.<\/p>\n\n\n\n<p>Asimismo, asegur\u00f3 que \u201cse trata de un corredor &nbsp;muy importante para la econom\u00eda local\u201d.<\/p>\n\n\n\n<p>Adem\u00e1s, el jefe comunal puso en valor el compromiso del primer mandatario, afirmando que \u00abgestiona permanentemente para la ejecuci\u00f3n de obras que favorezcan el desarrollo de la provincia\u201d.<\/p>\n\n\n\n<p>De ese modo, hizo hincapi\u00e9sobre los puestos de trabajo que genera la obra p\u00fablica, asegurando que \u201cesto hace al crecimiento de los pueblos, dinamizando la econom\u00eda\u201d.<\/p>\n\n\n\n<p>Por \u00faltimo, Minetti detall\u00f3 que la obra se encuentra en etapa de \u201climpieza y cargado\u201d, agregando que \u201cuna vez culminada ser\u00e1 un avance para toda la zona, incluyendo Palo Santo y las Colonias El Recreo, Monte Lindo, entre otros\u201d.<\/p>\n","protected":false},"excerpt":{"rendered":"<p>La pavimentaci\u00f3n de la Ruta Provincial N\u00b0 23 en el empalme con la Ruta Nacional N\u00b0 81 a la altura de Palo Santo y la RN N\u00b086 en General Belgrano, hab\u00eda sido paralizada por el gobierno del expresidente Mauricio Macri, \u201cun sue\u00f1o postergado\u201d como lo consideran los pobladores de la zona. Sin embargo, gracias a [&hellip;]<\/p>\n","protected":false},"author":11,"featured_media":56561,"comment_status":"closed","ping_status":"closed","sticky":false,"template":"","format":"standard","meta":{"footnotes":""},"categories":[11],"tags":[],"class_list":["post-56558","post","type-post","status-publish","format-standard","has-post-thumbnail","hentry","category-interior"],"_links":{"self":[{"href":"http:\/\/informeformosa.com.ar\/index.php?rest_route=\/wp\/v2\/posts\/56558","targetHints":{"allow":["GET"]}}],"collection":[{"href":"http:\/\/informeformosa.com.ar\/index.php?rest_route=\/wp\/v2\/posts"}],"about":[{"href":"http:\/\/informeformosa.com.ar\/index.php?rest_route=\/wp\/v2\/types\/post"}],"author":[{"embeddable":true,"href":"http:\/\/informeformosa.com.ar\/index.php?rest_route=\/wp\/v2\/users\/11"}],"replies":[{"embeddable":true,"href":"http:\/\/informeformosa.com.ar\/index.php?rest_route=%2Fwp%2Fv2%2Fcomments&post=56558"}],"version-history":[{"count":1,"href":"http:\/\/informeformosa.com.ar\/index.php?rest_route=\/wp\/v2\/posts\/56558\/revisions"}],"predecessor-version":[{"id":56562,"href":"http:\/\/informeformosa.com.ar\/index.php?rest_route=\/wp\/v2\/posts\/56558\/revisions\/56562"}],"wp:featuredmedia":[{"embeddable":true,"href":"http:\/\/informeformosa.com.ar\/index.php?rest_route=\/wp\/v2\/media\/56561"}],"wp:attachment":[{"href":"http:\/\/informeformosa.com.ar\/index.php?rest_route=%2Fwp%2Fv2%2Fmedia&parent=56558"}],"wp:term":[{"taxonomy":"category","embeddable":true,"href":"http:\/\/informeformosa.com.ar\/index.php?rest_route=%2Fwp%2Fv2%2Fcategories&post=56558"},{"taxonomy":"post_tag","embeddable":true,"href":"http:\/\/informeformosa.com.ar\/index.php?rest_route=%2Fwp%2Fv2%2Ftags&post=56558"}],"curies":[{"name":"wp","href":"https:\/\/api.w.org\/{rel}","templated":true}]}}