{"id":56551,"date":"2022-06-21T18:35:47","date_gmt":"2022-06-21T21:35:47","guid":{"rendered":"http:\/\/informeformosa.com.ar\/?p=56551"},"modified":"2022-06-21T18:35:47","modified_gmt":"2022-06-21T21:35:47","slug":"laguna-blanca-celebra-este-miercoles-su-108-aniversario","status":"publish","type":"post","link":"http:\/\/informeformosa.com.ar\/?p=56551","title":{"rendered":"Laguna Blanca celebra este mi\u00e9rcoles su 108\u00b0 aniversario"},"content":{"rendered":"\n<p>Por el 108\u00b0 aniversario de la fundaci\u00f3<a><\/a>n de Laguna Blanca, localidad del Departamento Pilcomayo, este mi\u00e9rcoles 22 se llevar\u00e1 cabo el acto central encabezado por el intendente Ricardo Lemos. Y luego se har\u00e1 el desfile c\u00edvico-militar, por lo que hay mucha expectativa en la comunidad.<\/p>\n\n\n\n<p>As\u00ed lo indic\u00f3 a AGENFOR la presidenta del Honorable Concejo Deliberante lagunense, la doctora Marisol Insfr\u00e1n, quien tambi\u00e9n destac\u00f3 que durante este mes aniversario se organizaron muchas actividades.<\/p>\n\n\n\n<p>As\u00ed tambi\u00e9n dijo que, adem\u00e1s de los actos centrales, se preparan para la noche, en el paseo Laguna Blanca, \u201cun festival con destacados artistas y grupos musicales; y una feria gastron\u00f3mica\u201d.<\/p>\n\n\n\n<p>En ella, los feriantes \u201cpor lo general, se sirven comidas t\u00edpicas de nuestra zona\u201d, y agreg\u00f3 en esa misma l\u00ednea que la elaboraci\u00f3n de los platos son \u201caprovechando la producci\u00f3n local\u201d.<\/p>\n\n\n\n<p>Tambi\u00e9n mencion\u00f3 que a ese sector se lo incluye en las capacitaciones dictadas de manera conjunta entre el Gobierno provincial y el Municipio.<\/p>\n\n\n\n<p>A su vez, la titular del HCD dijo que este nuevo aniversario \u201cser\u00e1 la antesala de lo que se vivir\u00e1 en septiembre con la Fiesta Nacional del Pomelo\u201d.<\/p>\n\n\n\n<p>Por esa raz\u00f3n, \u201cestamos muy contentos por poder celebrar una nueva edici\u00f3n de este evento que ya no es solamente de la localidad, sino de toda la provincia, el cual es muy esperado\u201d, declar\u00f3.<\/p>\n\n\n\n<p>\u201cEn uno de los mejores eventos que se tiene en el norte argentino\u201d, subray\u00f3, con fecha confirmada en este 2022 para los d\u00edas 9, 10 y 11 de septiembre.<\/p>\n\n\n\n<p>Por todo ello, reiter\u00f3 finalmente que se aguarda la fiesta conmemorativa por los 108\u00b0 a\u00f1os de la fundaci\u00f3n de Laguna Blanca, \u201ccon enorme expectativa\u201d e invitando a todas las familias de la provincia a participar de esta gran fiesta en el pueblo distante a 140 kil\u00f3metros de la ciudad de Formosa, fundado en el a\u00f1o 1914.<\/p>\n","protected":false},"excerpt":{"rendered":"<p>Por el 108\u00b0 aniversario de la fundaci\u00f3n de Laguna Blanca, localidad del Departamento Pilcomayo, este mi\u00e9rcoles 22 se llevar\u00e1 cabo el acto central encabezado por el intendente Ricardo Lemos. Y luego se har\u00e1 el desfile c\u00edvico-militar, por lo que hay mucha expectativa en la comunidad. As\u00ed lo indic\u00f3 a AGENFOR la presidenta del Honorable Concejo [&hellip;]<\/p>\n","protected":false},"author":11,"featured_media":56556,"comment_status":"closed","ping_status":"closed","sticky":false,"template":"","format":"standard","meta":{"footnotes":""},"categories":[11],"tags":[],"class_list":["post-56551","post","type-post","status-publish","format-standard","has-post-thumbnail","hentry","category-interior"],"_links":{"self":[{"href":"http:\/\/informeformosa.com.ar\/index.php?rest_route=\/wp\/v2\/posts\/56551","targetHints":{"allow":["GET"]}}],"collection":[{"href":"http:\/\/informeformosa.com.ar\/index.php?rest_route=\/wp\/v2\/posts"}],"about":[{"href":"http:\/\/informeformosa.com.ar\/index.php?rest_route=\/wp\/v2\/types\/post"}],"author":[{"embeddable":true,"href":"http:\/\/informeformosa.com.ar\/index.php?rest_route=\/wp\/v2\/users\/11"}],"replies":[{"embeddable":true,"href":"http:\/\/informeformosa.com.ar\/index.php?rest_route=%2Fwp%2Fv2%2Fcomments&post=56551"}],"version-history":[{"count":1,"href":"http:\/\/informeformosa.com.ar\/index.php?rest_route=\/wp\/v2\/posts\/56551\/revisions"}],"predecessor-version":[{"id":56557,"href":"http:\/\/informeformosa.com.ar\/index.php?rest_route=\/wp\/v2\/posts\/56551\/revisions\/56557"}],"wp:featuredmedia":[{"embeddable":true,"href":"http:\/\/informeformosa.com.ar\/index.php?rest_route=\/wp\/v2\/media\/56556"}],"wp:attachment":[{"href":"http:\/\/informeformosa.com.ar\/index.php?rest_route=%2Fwp%2Fv2%2Fmedia&parent=56551"}],"wp:term":[{"taxonomy":"category","embeddable":true,"href":"http:\/\/informeformosa.com.ar\/index.php?rest_route=%2Fwp%2Fv2%2Fcategories&post=56551"},{"taxonomy":"post_tag","embeddable":true,"href":"http:\/\/informeformosa.com.ar\/index.php?rest_route=%2Fwp%2Fv2%2Ftags&post=56551"}],"curies":[{"name":"wp","href":"https:\/\/api.w.org\/{rel}","templated":true}]}}