{"id":56548,"date":"2022-06-21T18:35:06","date_gmt":"2022-06-21T21:35:06","guid":{"rendered":"http:\/\/informeformosa.com.ar\/?p=56548"},"modified":"2022-06-21T18:35:06","modified_gmt":"2022-06-21T21:35:06","slug":"se-inauguro-el-edificio-de-la-epes-n-95-la-obra-educativa-1429-de-la-gestion-insfran","status":"publish","type":"post","link":"http:\/\/informeformosa.com.ar\/?p=56548","title":{"rendered":"Se inaugur\u00f3 el edificio de la EPES N\u00b0 95, la obra educativa 1429 de la gesti\u00f3n Insfr\u00e1n"},"content":{"rendered":"\n<p>El vicegobernador de la provincia, el doctor Eber Wilson Sol\u00eds, dej\u00f3 inaugurado est<a><\/a>e martes 21, en horas de la ma\u00f1ana, el edificio de la Escuela Provincial de Educaci\u00f3n Secundaria (EPES) N\u00b0 95 que se encuentra ubicada en el barrio Evita de la ciudad de Formosa.<\/p>\n\n\n\n<p>Se trata de la obra educativa 1429 materializada en el territorio provincial en la gesti\u00f3n del gobernador GildoInsfr\u00e1n.<\/p>\n\n\n\n<p>Adem\u00e1s el acto oficial cont\u00f3 con la presencia del ministro de Cultura y Educaci\u00f3n, el ingeniero Luis Basterra; el presidente provisional de la Legislatura, el doctor Armando Felipe Cabrera; el intendente de la ciudad de Formosa, el ingeniero Jorge Jofr\u00e9; diputados nacionales y provinciales; la subsecretaria de Educaci\u00f3n, la profesora Anal\u00edaHeizenreder; dem\u00e1s funcionarios del Poder Ejecutivo, y tambi\u00e9n autoridades invitadas.<\/p>\n\n\n\n<p>Con la entonaci\u00f3n al Himno Argentino y el Himno Marcha Formosa, con los acordes de la Banda de M\u00fasica de la Polic\u00eda y la presencia de los abanderados, se abri\u00f3 la ceremonia inaugural.<\/p>\n\n\n\n<p>\u201cUn antes y un despu\u00e9s\u201d<\/p>\n\n\n\n<p>En ese contexto, en declaraciones recogidas por AGENFOR, la directora del establecimiento, la licenciada Viviana Oksienczuk, se\u00f1al\u00f3 al dirigir unas palabras, que este d\u00eda \u201ces gratificante y memorable para la comunidad educativa, que marca un antes y un despu\u00e9s en la historia institucional\u201d.<\/p>\n\n\n\n<p>En una breve rese\u00f1a, la instituci\u00f3n naci\u00f3 un 3 de abril del 2000, por Resoluci\u00f3n del Ministerio de Cultura y Educaci\u00f3n N\u00b0 2015\/00 en la Escuela Provincial de Educaci\u00f3n Primaria N\u00b0 519 \u201cDocente Omar Guti\u00e9rrez\u201d.<\/p>\n\n\n\n<p>En el a\u00f1o 2008, frente a implementaci\u00f3n de la Ley de Educaci\u00f3n Nacional N\u00b0 26.206, la instituci\u00f3n pas\u00f3 a ser Anexo de la Escuela Provincial de Educaci\u00f3n Secundaria N\u00b0 27 \u201cRa\u00fal Scalabrini Ortiz\u201d.<\/p>\n\n\n\n<p>Luego, en 2009, frente a la necesidad de que los adolescentes y j\u00f3venes puedan culminar su educaci\u00f3n obligatoria en un contexto cercano, por Resoluci\u00f3n del Ministerio de Cultura y Educaci\u00f3n N\u00b0 192 \/2009, se cre\u00f3 la Escuela Provincial de Educaci\u00f3n Secundaria N\u00b0 95, con orientaci\u00f3n en Ciencias Naturales.<\/p>\n\n\n\n<p>Oksienczuk enfatiz\u00f3 asimismo que \u201clos j\u00f3venes son los protagonistas y caras visibles de la justicia social\u201d, y que en ese sentido, en Formosa hay un \u201cGobierno provincial que asume un compromiso con la escuela p\u00fablica y gratuita\u201d, remarc\u00f3.<\/p>\n\n\n\n<p>Y agreg\u00f3 que la escuela \u201ces una herramienta primordial para la construcci\u00f3n de una sociedad m\u00e1s inclusiva\u201d, en consecuencia, se mostr\u00f3 \u201cinmensamente agradecida con todas las pol\u00edticas gubernamentales; por darnos un escenario nuevo para seguir cumpliendo con nuestra misi\u00f3n: la de formar j\u00f3venes competentes, responsables, cr\u00edticos y libres\u201d.<\/p>\n\n\n\n<p>Padres y alumnos, agradecidos<\/p>\n\n\n\n<p>A su turno, Laura Gonz\u00e1lez, como presidenta del club de padres tambi\u00e9n expres\u00f3 \u201cel mayor de los agradecimientos a nuestras autoridades provinciales por la entrega de nuestro colegio, tan anhelado por los estudiantes, docentes y padres\u201d.<\/p>\n\n\n\n<p>Y la alumna Mar\u00eda Rosa Fleitas destac\u00f3 a la Escuela N\u00b0 519, por albergarlos todo este tiempo, finalizando \u201cuna etapa compartida\u201d en una instituci\u00f3n \u201cnos vio crecer, y donde sus aulas nos ampararon y fueron un hogar en com\u00fan\u201d.<\/p>\n\n\n\n<p>Y reafirm\u00f3 que ahora, en el nuevo edificio, \u201cqueremos agradecer al gobernador Insfr\u00e1n, quien demuestra con estas obras su compromiso con la educaci\u00f3n\u201d.<\/p>\n\n\n\n<p>Se cumpli\u00f3 un sue\u00f1o anhelado<\/p>\n\n\n\n<p>En esa misma l\u00ednea, Antonia Beatriz Alarc\u00f3n, mam\u00e1 de uno de los alumnos que cursa el tercer a\u00f1o, emocionada dijo que \u201ces una alegr\u00eda inmensa para los estudiantes esta inauguraci\u00f3n\u201d, a lo que un estudiante de nombre Emilio, se\u00f1al\u00f3 que \u201cse siente bien tener una instituci\u00f3n nueva y renovada para poder seguir estudiando\u201d.<\/p>\n\n\n\n<p>Mientras que para el profesor Roque Morinigo, de las materias de Opci\u00f3n Institucional y Formaci\u00f3n \u00c9tica, \u201ces un sue\u00f1o largamente esperado\u201d destacando que \u201cest\u00e1 hermoso el edificio, muy amplio y confortable\u201d.<\/p>\n\n\n\n<p>Finalizado el acto, el vicegobernador Sol\u00eds recorri\u00f3 junto a los dem\u00e1s funcionarios las flamantes instalaciones edilicias.<\/p>\n","protected":false},"excerpt":{"rendered":"<p>El vicegobernador de la provincia, el doctor Eber Wilson Sol\u00eds, dej\u00f3 inaugurado este martes 21, en horas de la ma\u00f1ana, el edificio de la Escuela Provincial de Educaci\u00f3n Secundaria (EPES) N\u00b0 95 que se encuentra ubicada en el barrio Evita de la ciudad de Formosa. Se trata de la obra educativa 1429 materializada en el [&hellip;]<\/p>\n","protected":false},"author":11,"featured_media":56554,"comment_status":"closed","ping_status":"closed","sticky":false,"template":"","format":"standard","meta":{"footnotes":""},"categories":[4],"tags":[],"class_list":["post-56548","post","type-post","status-publish","format-standard","has-post-thumbnail","hentry","category-educacion"],"_links":{"self":[{"href":"http:\/\/informeformosa.com.ar\/index.php?rest_route=\/wp\/v2\/posts\/56548","targetHints":{"allow":["GET"]}}],"collection":[{"href":"http:\/\/informeformosa.com.ar\/index.php?rest_route=\/wp\/v2\/posts"}],"about":[{"href":"http:\/\/informeformosa.com.ar\/index.php?rest_route=\/wp\/v2\/types\/post"}],"author":[{"embeddable":true,"href":"http:\/\/informeformosa.com.ar\/index.php?rest_route=\/wp\/v2\/users\/11"}],"replies":[{"embeddable":true,"href":"http:\/\/informeformosa.com.ar\/index.php?rest_route=%2Fwp%2Fv2%2Fcomments&post=56548"}],"version-history":[{"count":1,"href":"http:\/\/informeformosa.com.ar\/index.php?rest_route=\/wp\/v2\/posts\/56548\/revisions"}],"predecessor-version":[{"id":56555,"href":"http:\/\/informeformosa.com.ar\/index.php?rest_route=\/wp\/v2\/posts\/56548\/revisions\/56555"}],"wp:featuredmedia":[{"embeddable":true,"href":"http:\/\/informeformosa.com.ar\/index.php?rest_route=\/wp\/v2\/media\/56554"}],"wp:attachment":[{"href":"http:\/\/informeformosa.com.ar\/index.php?rest_route=%2Fwp%2Fv2%2Fmedia&parent=56548"}],"wp:term":[{"taxonomy":"category","embeddable":true,"href":"http:\/\/informeformosa.com.ar\/index.php?rest_route=%2Fwp%2Fv2%2Fcategories&post=56548"},{"taxonomy":"post_tag","embeddable":true,"href":"http:\/\/informeformosa.com.ar\/index.php?rest_route=%2Fwp%2Fv2%2Ftags&post=56548"}],"curies":[{"name":"wp","href":"https:\/\/api.w.org\/{rel}","templated":true}]}}