{"id":56545,"date":"2022-06-21T18:33:58","date_gmt":"2022-06-21T21:33:58","guid":{"rendered":"http:\/\/informeformosa.com.ar\/?p=56545"},"modified":"2022-06-21T18:33:59","modified_gmt":"2022-06-21T21:33:59","slug":"resaltan-el-compromiso-del-gobierno-de-formosa-con-la-educacion","status":"publish","type":"post","link":"http:\/\/informeformosa.com.ar\/?p=56545","title":{"rendered":"Resaltan el compromiso del Gobierno de Formosa con la educaci\u00f3n"},"content":{"rendered":"\n<p>En el marco de la inauguraci\u00f3n del edificio de la Escuela Provincial de Educaci\u00f3n Secundaria (EPES) N\u00b0 95, ubicada en el barrio capitalino Evita, la subsecretaria de Educaci\u00f3n, la profesora Anal\u00edaHeizenreder, enfatiz\u00f3 que la obra fue paralizada por la gest<a><\/a>i\u00f3n nacional macrista y finalmente concretada por el Gobierno provincial.<\/p>\n\n\n\n<p>En declaraciones recogidas por <strong>AGENFOR,<\/strong> la funcionaria subray\u00f3 que \u201ces una muy buena noticia para el sistema educativo, el barrio, el grupo de alumnos y familias que est\u00e1n comprometidos con la Escuela N\u00ba 95\u201d, marcando que \u201ctenemos esta obra hermosa con la disposici\u00f3n de los espacios f\u00edsicos con mucho criterio, con lindos patios y todo lo que un alumno necesita para estar c\u00f3modamente en el aula con sus profesores en un lugar seguro y un ambiente confortable\u201d.<\/p>\n\n\n\n<p>Adem\u00e1s, record\u00f3 que dicha obra fue una de las tantas que paraliz\u00f3 el Gobierno Nacional anterior en el territorio provincial. \u201cVen\u00edamos a mirar c\u00f3mo segu\u00eda esto y eran chapas, todo cerrado, una obra bloqueada pr\u00e1cticamente. Fue suspendida, se trat\u00f3 de una de las que no tuvieron m\u00e1s aporte; fueron empezadas en su momento y despu\u00e9s quedaron ah\u00ed\u201d, reprob\u00f3.<\/p>\n\n\n\n<p>No obstante, puso de resalto que \u201cel Gobierno de la provincia inmediatamente dispuso que ese tipo de obras tan sensibles a la comunidad como es una escuela o un centro de salud deb\u00edan concluirse, seguir su proceso de construcci\u00f3n\u201d.<\/p>\n\n\n\n<p>\u201cEl gobernador GildoInsfr\u00e1n lo dec\u00eda, iremos m\u00e1s lento, pero que lo iba a concluir. Y as\u00ed fue porque esta escuela est\u00e1 hoy aqu\u00ed de pie. Es una escuela activa, linda, con una comunidad educativa con mucho compromiso y el personal que trabaja all\u00ed y los alumnos sienten esa dependencia y la quieren much\u00edsimo\u201d, signific\u00f3.<\/p>\n\n\n\n<p>En esa l\u00ednea, subray\u00f3 que \u201ces la obra educativa 1429 de la gesti\u00f3n del gobernador Insfr\u00e1n, un n\u00famero que nos dice claramente el compromiso del Gobierno de Formosa con la educaci\u00f3n\u201d, acentuando que \u201cello demuestra una vez m\u00e1s que la frase \u2018la educaci\u00f3n es una cuesti\u00f3n de Estado\u2019 es cierta. As\u00ed se vivencia y as\u00ed es en Formosa\u201d. \u201cNo es un t\u00edtulo period\u00edstico, es la realidad de nuestra provincia\u201d, realz\u00f3.<\/p>\n","protected":false},"excerpt":{"rendered":"<p>En el marco de la inauguraci\u00f3n del edificio de la Escuela Provincial de Educaci\u00f3n Secundaria (EPES) N\u00b0 95, ubicada en el barrio capitalino Evita, la subsecretaria de Educaci\u00f3n, la profesora Anal\u00edaHeizenreder, enfatiz\u00f3 que la obra fue paralizada por la gesti\u00f3n nacional macrista y finalmente concretada por el Gobierno provincial. En declaraciones recogidas por AGENFOR, la [&hellip;]<\/p>\n","protected":false},"author":11,"featured_media":56552,"comment_status":"closed","ping_status":"closed","sticky":false,"template":"","format":"standard","meta":{"footnotes":""},"categories":[4],"tags":[],"class_list":["post-56545","post","type-post","status-publish","format-standard","has-post-thumbnail","hentry","category-educacion"],"_links":{"self":[{"href":"http:\/\/informeformosa.com.ar\/index.php?rest_route=\/wp\/v2\/posts\/56545","targetHints":{"allow":["GET"]}}],"collection":[{"href":"http:\/\/informeformosa.com.ar\/index.php?rest_route=\/wp\/v2\/posts"}],"about":[{"href":"http:\/\/informeformosa.com.ar\/index.php?rest_route=\/wp\/v2\/types\/post"}],"author":[{"embeddable":true,"href":"http:\/\/informeformosa.com.ar\/index.php?rest_route=\/wp\/v2\/users\/11"}],"replies":[{"embeddable":true,"href":"http:\/\/informeformosa.com.ar\/index.php?rest_route=%2Fwp%2Fv2%2Fcomments&post=56545"}],"version-history":[{"count":1,"href":"http:\/\/informeformosa.com.ar\/index.php?rest_route=\/wp\/v2\/posts\/56545\/revisions"}],"predecessor-version":[{"id":56553,"href":"http:\/\/informeformosa.com.ar\/index.php?rest_route=\/wp\/v2\/posts\/56545\/revisions\/56553"}],"wp:featuredmedia":[{"embeddable":true,"href":"http:\/\/informeformosa.com.ar\/index.php?rest_route=\/wp\/v2\/media\/56552"}],"wp:attachment":[{"href":"http:\/\/informeformosa.com.ar\/index.php?rest_route=%2Fwp%2Fv2%2Fmedia&parent=56545"}],"wp:term":[{"taxonomy":"category","embeddable":true,"href":"http:\/\/informeformosa.com.ar\/index.php?rest_route=%2Fwp%2Fv2%2Fcategories&post=56545"},{"taxonomy":"post_tag","embeddable":true,"href":"http:\/\/informeformosa.com.ar\/index.php?rest_route=%2Fwp%2Fv2%2Ftags&post=56545"}],"curies":[{"name":"wp","href":"https:\/\/api.w.org\/{rel}","templated":true}]}}