{"id":56540,"date":"2022-06-21T18:24:30","date_gmt":"2022-06-21T21:24:30","guid":{"rendered":"http:\/\/informeformosa.com.ar\/?p=56540"},"modified":"2022-06-21T18:24:30","modified_gmt":"2022-06-21T21:24:30","slug":"por-aumento-de-casos-covid-en-la-provincia-recomiendan-la-aplicacion-de-la-dosis-de-refuerzo","status":"publish","type":"post","link":"http:\/\/informeformosa.com.ar\/?p=56540","title":{"rendered":"Por aumento de casos COVID en la provincia, recomiendan la aplicaci\u00f3n de la dosis de refuerzo"},"content":{"rendered":"\n<p>La <strong>Agencia de Noticias Formosa (AGENFOR)<\/strong> recogi\u00f3 testimonios brindados por el profesional, en donde explic\u00f3 que \u201ccreemos de que hay posibilidades de que siga aumentando, hasta dentro <a><\/a>de dos o tres semanas m\u00e1s\u201d, pero aclar\u00f3 que \u201cdespu\u00e9s se espera que comience a bajar el \u00edndice de contagio, debido a que en el resto del pa\u00eds tambi\u00e9n comenz\u00f3 a disminuir y a estabilizarse la situaci\u00f3n\u201d.<\/p>\n\n\n\n<p>Respecto de este contexto, insisti\u00f3 \u201cen la aplicaci\u00f3n del refuerzo de la vacuna\u201d, exponiendo que \u201cya pasaron diez meses de la inmunizaci\u00f3n con las primeras dos dosis, las cuales ya sirven de poco y nada, por eso es indispensable la inoculaci\u00f3n con el tercer o cuarto componente para poder mantener los anticuerpos altos\u201d.<\/p>\n\n\n\n<p>En la misma l\u00ednea, record\u00f3 que \u201cen el caso de infectarnos, estos van a permitir defendernos sin problemas y no causar ninguna neumon\u00eda o internaci\u00f3n\u201d, realzando que ese \u201ces el objetivo principal de toda vacunaci\u00f3n\u201d.<\/p>\n\n\n\n<p>Es por ello, que insisti\u00f3 en invitar a \u201cla poblaci\u00f3n a la que le falta la dosis de refuerzo a que se la aplique\u201d.<\/p>\n\n\n\n<p>Continuando con el tema, Bibolini tambi\u00e9n argument\u00f3 que el uso de barbijo en lugares cerrados, es otro m\u00e9todo de prevenci\u00f3n y protecci\u00f3n indispensable.<\/p>\n\n\n\n<p>Adem\u00e1s, pidi\u00f3 que \u201csi alguno tiene s\u00edntomas respiratorios, dolor de garganta, tos, fiebre, p\u00e9rdida de olfato o gusto, que se acerque a cualquier centro de salud a realizarse el hisopado\u201d.<\/p>\n\n\n\n<p>Respecto de que si el diagn\u00f3stico es positivo, record\u00f3 a la comunidad que \u201cson siete d\u00edas de aislamiento en el domicilio\u201d en el caso de que la persona cuente con \u201clas vacunas de refuerzo\u201d.<\/p>\n\n\n\n<p>De lo contrario, advirti\u00f3 que el mismo se prolonga a diez d\u00edas, debido a que se corre m\u00e1s riesgo de transmisi\u00f3n.<\/p>\n\n\n\n<p>\u201cSi fuese gripe, uno tambi\u00e9n debe aislarse de forma voluntaria, porque puede causar neumon\u00eda en pacientes con factores de riesgo, por lo tanto, siempre la recomendaci\u00f3n es, no concurrir al colegio o al \u00e1mbito laboral, sino que debe ausentarse hasta que los s\u00edntomas pasen\u201d, subray\u00f3.<\/p>\n\n\n\n<p>En esta l\u00ednea, aclar\u00f3 que no se refiere a resfr\u00edo, sino a la gripe, es decir \u201caquellos que presenten fiebre, decaimiento general, malestar y tos\u201d, cerr\u00f3.<\/p>\n","protected":false},"excerpt":{"rendered":"<p>La Agencia de Noticias Formosa (AGENFOR) recogi\u00f3 testimonios brindados por el profesional, en donde explic\u00f3 que \u201ccreemos de que hay posibilidades de que siga aumentando, hasta dentro de dos o tres semanas m\u00e1s\u201d, pero aclar\u00f3 que \u201cdespu\u00e9s se espera que comience a bajar el \u00edndice de contagio, debido a que en el resto del pa\u00eds [&hellip;]<\/p>\n","protected":false},"author":11,"featured_media":56543,"comment_status":"closed","ping_status":"closed","sticky":false,"template":"","format":"standard","meta":{"footnotes":""},"categories":[12],"tags":[],"class_list":["post-56540","post","type-post","status-publish","format-standard","has-post-thumbnail","hentry","category-salud"],"_links":{"self":[{"href":"http:\/\/informeformosa.com.ar\/index.php?rest_route=\/wp\/v2\/posts\/56540","targetHints":{"allow":["GET"]}}],"collection":[{"href":"http:\/\/informeformosa.com.ar\/index.php?rest_route=\/wp\/v2\/posts"}],"about":[{"href":"http:\/\/informeformosa.com.ar\/index.php?rest_route=\/wp\/v2\/types\/post"}],"author":[{"embeddable":true,"href":"http:\/\/informeformosa.com.ar\/index.php?rest_route=\/wp\/v2\/users\/11"}],"replies":[{"embeddable":true,"href":"http:\/\/informeformosa.com.ar\/index.php?rest_route=%2Fwp%2Fv2%2Fcomments&post=56540"}],"version-history":[{"count":1,"href":"http:\/\/informeformosa.com.ar\/index.php?rest_route=\/wp\/v2\/posts\/56540\/revisions"}],"predecessor-version":[{"id":56544,"href":"http:\/\/informeformosa.com.ar\/index.php?rest_route=\/wp\/v2\/posts\/56540\/revisions\/56544"}],"wp:featuredmedia":[{"embeddable":true,"href":"http:\/\/informeformosa.com.ar\/index.php?rest_route=\/wp\/v2\/media\/56543"}],"wp:attachment":[{"href":"http:\/\/informeformosa.com.ar\/index.php?rest_route=%2Fwp%2Fv2%2Fmedia&parent=56540"}],"wp:term":[{"taxonomy":"category","embeddable":true,"href":"http:\/\/informeformosa.com.ar\/index.php?rest_route=%2Fwp%2Fv2%2Fcategories&post=56540"},{"taxonomy":"post_tag","embeddable":true,"href":"http:\/\/informeformosa.com.ar\/index.php?rest_route=%2Fwp%2Fv2%2Ftags&post=56540"}],"curies":[{"name":"wp","href":"https:\/\/api.w.org\/{rel}","templated":true}]}}