{"id":56536,"date":"2022-06-20T13:20:00","date_gmt":"2022-06-20T16:20:00","guid":{"rendered":"http:\/\/informeformosa.com.ar\/?p=56536"},"modified":"2022-06-21T01:25:39","modified_gmt":"2022-06-21T04:25:39","slug":"se-vacunara-contra-el-covid-19-a-la-poblacion-mayor-de-18-anos-de-todo-el-territorio-provincial","status":"publish","type":"post","link":"http:\/\/informeformosa.com.ar\/?p=56536","title":{"rendered":"Se vacunar\u00e1 contra el COVID-19 a la poblaci\u00f3n mayor de 18 a\u00f1os de todo el territorio provincial"},"content":{"rendered":"\n<p><em>El Ministerio de Desarrollo Humano, anunci\u00f3 la ampliaci\u00f3n de la cobertura de vacunas a mayores de 18 a\u00f1os en todo el territorio provincial. Ser\u00e1 a partir de este martes 21 de junio en todos los centros vacunatorios fijos a demanda que est\u00e1n distribuidos en distintos sectores de la Capital y en los efectores p\u00fablicos de las localidades del interior (centros de salud y hospitales).<\/em><\/p>\n\n\n\n<p>Al respecto, en declaraciones a AGENFOR, el m\u00e9dico epidemi\u00f3logo del Consejo de Atenci\u00f3n Integral de la Emergencia COVID-19 \u201cDr. Enrique Servi\u00e1n\u201d, el doctor Mario Romero Bruno, explic\u00f3 que \u201cse trata de la inoculaci\u00f3n de la tercera y cuarta dosis (vacunas de refuerzo) para poder mejorar el estado sanitario,&nbsp; porque sabemos que se est\u00e1 dando un aumento de casos en todo el territorio nacional y por lo tanto, tambi\u00e9n en la provincia\u201d.&nbsp;<\/p>\n\n\n\n<p>Por este motivo, expuso que \u201clas vacunas tienen tres efectos fundamentales\u201d esbozando que estas son: \u201cdisminuir la gravedad, la duraci\u00f3n de la enfermedad y la carga viral, lo cual reduce la transmisi\u00f3n\u201d.&nbsp;<\/p>\n\n\n\n<p>En esta l\u00ednea, subray\u00f3 que por eso \u201ces fundamental que la mayor cantidad de personas est\u00e9n vacunadas, as\u00ed se puede evitar un da\u00f1o en la salud individual y comunitaria\u201d.<\/p>\n\n\n\n<p>Seguidamente, record\u00f3 que no hay que dejar de lado los cuidados diarios, como ser el uso de barbijo en espacios cerrados, la higienizaci\u00f3n constante de manos, porque son factores que \u201ctambi\u00e9n hacen a que nos cuidemos y adem\u00e1s a nuestros seres queridos\u201d.&nbsp;<\/p>\n\n\n\n<p>Asimismo, asever\u00f3 contundente que \u201cel COVID todav\u00eda no termin\u00f3\u201d y que \u201ccontin\u00faan habiendo casos y el riesgo est\u00e1 latente\u201d. Adem\u00e1s, sostuvo que \u201csi bien la vacuna ha demostrado su efectividad, estos cuidados tienen que seguir presente\u201d.&nbsp;<\/p>\n\n\n\n<p>El doctor Bruno, insisti\u00f3 en remarcar la importancia de la inoculaci\u00f3n de las dosis de refuerzo, indicando: \u201cEs necesario que los j\u00f3venes lo hagan, porque se re\u00fanen y salen m\u00e1s, y estos pueden ser transmisores de la enfermedad\u201d y por ello, solicit\u00f3: \u201cAumentemos las coberturas de vacunaci\u00f3n que tenemos\u201d.<\/p>\n\n\n\n<p>Respecto de ello, hizo un repaso del \u00edndice de inmunizaci\u00f3n, afirmando que \u201cseg\u00fan la poblaci\u00f3n objetivo, tenemos una muy buena cobertura con el 99% en primera dosis, 91,68 % en segunda, 71% en tercera y 37.96%.\u201d.&nbsp;<\/p>\n\n\n\n<p>Por la disminuci\u00f3n de las dosis de refuerzo, Bruno manifest\u00f3: \u201cCon estos indicadores de porcentaje de vacunados, tenemos que llamar la atenci\u00f3n para que la comunidad, los j\u00f3venes, los adultos, independientemente de si son del grupo de riesgo, que se acerquen a vacunarse, porque es la manera que entre todos cuidemos de nuestra salud y de nuestra vida\u201d, cerr\u00f3.<\/p>\n","protected":false},"excerpt":{"rendered":"<p>El Ministerio de Desarrollo Humano, anunci\u00f3 la ampliaci\u00f3n de la cobertura de vacunas a mayores de 18 a\u00f1os en todo el territorio provincial. Ser\u00e1 a partir de este martes 21 de junio en todos los centros vacunatorios fijos a demanda que est\u00e1n distribuidos en distintos sectores de la Capital y en los efectores p\u00fablicos de [&hellip;]<\/p>\n","protected":false},"author":11,"featured_media":56537,"comment_status":"closed","ping_status":"closed","sticky":false,"template":"","format":"standard","meta":{"footnotes":""},"categories":[12],"tags":[],"class_list":["post-56536","post","type-post","status-publish","format-standard","has-post-thumbnail","hentry","category-salud"],"_links":{"self":[{"href":"http:\/\/informeformosa.com.ar\/index.php?rest_route=\/wp\/v2\/posts\/56536","targetHints":{"allow":["GET"]}}],"collection":[{"href":"http:\/\/informeformosa.com.ar\/index.php?rest_route=\/wp\/v2\/posts"}],"about":[{"href":"http:\/\/informeformosa.com.ar\/index.php?rest_route=\/wp\/v2\/types\/post"}],"author":[{"embeddable":true,"href":"http:\/\/informeformosa.com.ar\/index.php?rest_route=\/wp\/v2\/users\/11"}],"replies":[{"embeddable":true,"href":"http:\/\/informeformosa.com.ar\/index.php?rest_route=%2Fwp%2Fv2%2Fcomments&post=56536"}],"version-history":[{"count":1,"href":"http:\/\/informeformosa.com.ar\/index.php?rest_route=\/wp\/v2\/posts\/56536\/revisions"}],"predecessor-version":[{"id":56538,"href":"http:\/\/informeformosa.com.ar\/index.php?rest_route=\/wp\/v2\/posts\/56536\/revisions\/56538"}],"wp:featuredmedia":[{"embeddable":true,"href":"http:\/\/informeformosa.com.ar\/index.php?rest_route=\/wp\/v2\/media\/56537"}],"wp:attachment":[{"href":"http:\/\/informeformosa.com.ar\/index.php?rest_route=%2Fwp%2Fv2%2Fmedia&parent=56536"}],"wp:term":[{"taxonomy":"category","embeddable":true,"href":"http:\/\/informeformosa.com.ar\/index.php?rest_route=%2Fwp%2Fv2%2Fcategories&post=56536"},{"taxonomy":"post_tag","embeddable":true,"href":"http:\/\/informeformosa.com.ar\/index.php?rest_route=%2Fwp%2Fv2%2Ftags&post=56536"}],"curies":[{"name":"wp","href":"https:\/\/api.w.org\/{rel}","templated":true}]}}