{"id":56528,"date":"2022-06-20T13:04:00","date_gmt":"2022-06-20T16:04:00","guid":{"rendered":"http:\/\/informeformosa.com.ar\/?p=56528"},"modified":"2022-06-21T01:16:41","modified_gmt":"2022-06-21T04:16:41","slug":"el-gobierno-provincial-inaugurara%ef%bf%bc-la-epes-n95-del-barrio-evita","status":"publish","type":"post","link":"http:\/\/informeformosa.com.ar\/?p=56528","title":{"rendered":"El gobierno provincial inaugurar\u00e1\ufffc la EPES N\u00b095 del barrio Evita"},"content":{"rendered":"\n<p><em>Ser\u00e1 durante un acto que encabezar\u00e1 el vicegobernador Eber Wilson Sol\u00eds.<\/em><\/p>\n\n\n\n<p>El gobierno provincial dejar\u00e1 inauguradas este martes 21 de junio las instalaciones de la Escuela Provincial de Educaci\u00f3n Secundaria N\u00b0945, ubicada en el barrio Evita, de la Capital.<\/p>\n\n\n\n<p>El acto est\u00e1 previsto para las 8,45 horas con la presencia del vicegobernador Eber Wilson Sol\u00eds y dem\u00e1s autoridades provinciales.&nbsp;<\/p>\n\n\n\n<p>Se trata de un edificio que cuenta con un hall principal, administraci\u00f3n&nbsp; y gesti\u00f3n, oficinas para direcci\u00f3n, vicedirecci\u00f3n, cooperadora, sala de profesores, office, archivo y sanitario para docentes. Dispone de siete aulas, dos aulas m\u00e1s para taller multiprop\u00f3sito, adem\u00e1s de biblioteca, hemeroteca y sala de inform\u00e1tica.<\/p>\n\n\n\n<p>Como el resto de los edificios p\u00fablicos con destino a la educaci\u00f3n, cuenta con sanitarios para ni\u00f1os y ni\u00f1as, para alumnos con capacidades diferentes, y un amplio play\u00f3n cubierto de formaci\u00f3n y m\u00e1stil.<\/p>\n\n\n\n<p>Tiene adem\u00e1s sal\u00f3n de usos m\u00faltiples y comedor, una cocina, despensa y dep\u00f3sito. En el \u00e1rea de servicios un tanque elevado con capacidad de 10.000 litros y una cisterna con capacidad para 30 mil litros. El edificio tiene cerco perimetral y se entregar\u00e1 con mobiliario completo.<\/p>\n","protected":false},"excerpt":{"rendered":"<p>Ser\u00e1 durante un acto que encabezar\u00e1 el vicegobernador Eber Wilson Sol\u00eds. El gobierno provincial dejar\u00e1 inauguradas este martes 21 de junio las instalaciones de la Escuela Provincial de Educaci\u00f3n Secundaria N\u00b0945, ubicada en el barrio Evita, de la Capital. El acto est\u00e1 previsto para las 8,45 horas con la presencia del vicegobernador Eber Wilson Sol\u00eds [&hellip;]<\/p>\n","protected":false},"author":11,"featured_media":56532,"comment_status":"closed","ping_status":"closed","sticky":false,"template":"","format":"standard","meta":{"footnotes":""},"categories":[4],"tags":[],"class_list":["post-56528","post","type-post","status-publish","format-standard","has-post-thumbnail","hentry","category-educacion"],"_links":{"self":[{"href":"http:\/\/informeformosa.com.ar\/index.php?rest_route=\/wp\/v2\/posts\/56528","targetHints":{"allow":["GET"]}}],"collection":[{"href":"http:\/\/informeformosa.com.ar\/index.php?rest_route=\/wp\/v2\/posts"}],"about":[{"href":"http:\/\/informeformosa.com.ar\/index.php?rest_route=\/wp\/v2\/types\/post"}],"author":[{"embeddable":true,"href":"http:\/\/informeformosa.com.ar\/index.php?rest_route=\/wp\/v2\/users\/11"}],"replies":[{"embeddable":true,"href":"http:\/\/informeformosa.com.ar\/index.php?rest_route=%2Fwp%2Fv2%2Fcomments&post=56528"}],"version-history":[{"count":1,"href":"http:\/\/informeformosa.com.ar\/index.php?rest_route=\/wp\/v2\/posts\/56528\/revisions"}],"predecessor-version":[{"id":56533,"href":"http:\/\/informeformosa.com.ar\/index.php?rest_route=\/wp\/v2\/posts\/56528\/revisions\/56533"}],"wp:featuredmedia":[{"embeddable":true,"href":"http:\/\/informeformosa.com.ar\/index.php?rest_route=\/wp\/v2\/media\/56532"}],"wp:attachment":[{"href":"http:\/\/informeformosa.com.ar\/index.php?rest_route=%2Fwp%2Fv2%2Fmedia&parent=56528"}],"wp:term":[{"taxonomy":"category","embeddable":true,"href":"http:\/\/informeformosa.com.ar\/index.php?rest_route=%2Fwp%2Fv2%2Fcategories&post=56528"},{"taxonomy":"post_tag","embeddable":true,"href":"http:\/\/informeformosa.com.ar\/index.php?rest_route=%2Fwp%2Fv2%2Ftags&post=56528"}],"curies":[{"name":"wp","href":"https:\/\/api.w.org\/{rel}","templated":true}]}}