{"id":56515,"date":"2022-06-19T22:00:00","date_gmt":"2022-06-20T01:00:00","guid":{"rendered":"http:\/\/informeformosa.com.ar\/?p=56515"},"modified":"2022-06-20T10:32:22","modified_gmt":"2022-06-20T13:32:22","slug":"jarzynski-aseguro-que-las-reactivacion-de-obras-dinamiza-la-economia%ef%bf%bc","status":"publish","type":"post","link":"http:\/\/informeformosa.com.ar\/?p=56515","title":{"rendered":"Jarzynski asegur\u00f3 que \u201clas reactivaci\u00f3n de obras dinamiza la econom\u00eda\u201d\ufffc"},"content":{"rendered":"\n<p><em>Las localidades del interior est\u00e1n siendo beneficiadas con un importante paquete de obras, algunas del \u201cPlan Cien Obras para Formosa\u201d, firmadas en el 2021 y otras del Plan de Obras para el Desarrollo de la Naci\u00f3n, \u201cArgentina Grande\u201d. Todas logradas a trav\u00e9s de la gesti\u00f3n del gobernador de la provincia, doctor Gildo Insfr\u00e1n.&nbsp;<\/em><\/p>\n\n\n\n<p>En ese contexto, Ad\u00e1n Jarzynski, intendente de Ibarreta, afirm\u00f3 que \u201cgracias al compromiso del primer mandatario, nuestra localidad ha sido incluida en este plan de obras\u201d.&nbsp;<\/p>\n\n\n\n<p>En ese orden, inform\u00f3 que dentro del Plan Cien Obras para Formosa, ya se han construido m\u00e1s de 1500 metros de veredas comunitarias y adem\u00e1s se ejecutar\u00e1n 120 viviendas que forman parte del Programa Construir Futuro- Casa Propia.&nbsp;<\/p>\n\n\n\n<p>Adem\u00e1s, se\u00f1al\u00f3 que ya est\u00e1 en etapa avanzada la construcci\u00f3n el JIN N\u00b018, Sat\u00e9lite N\u00b0 64. Y agreg\u00f3 que \u201cotra obra estrat\u00e9gica, son los 8 mil metros de tendido el\u00e9ctrico que beneficiar\u00e1 a ocho barrios, brind\u00e1ndoles mejoramiento en el servicio de energ\u00eda\u201d.&nbsp;<\/p>\n\n\n\n<p>Remarc\u00f3 como una de las obras m\u00e1s importantes ya ejecutada, el desag\u00fce pluvial a cielo abierto de 2 mil metros, comentando que \u201cluego de dos grandes inundaciones en el 2016 y 2017 que dej\u00f3 anegados varios barrios, el gobernador Gildo Insfr\u00e1n atendiendo esta problem\u00e1tica, tom\u00f3 la decisi\u00f3n de que esta obra se ejecute\u201d.&nbsp;<\/p>\n\n\n\n<p>Siguiendo la l\u00ednea, puso en valor el programa \u201cPor Nuestra Gente, Obras y Servicios\u201d, aseverando que se implement\u00f3 por el gobierno provincial luego de que el gobierno de Mauricio Macri eliminar\u00e1 el Fondo Federal Solidario.&nbsp;<\/p>\n\n\n\n<p>Inform\u00f3 que dentro de este plan se est\u00e1 desarrollando el Museo de Ciencias Sociales y Naturales, que tendr\u00e1 como fin \u201calbergar los elementos relacionados a la historia del pueblo\u201d.&nbsp;&nbsp;<\/p>\n\n\n\n<p>Asimismo, el jefe comunal sostuvo que \u201cesta motorizaci\u00f3n de obras genera m\u00e1s puestos de trabajo porque las empresas se establecen aqu\u00ed tomando mano de obra local y dinamizando la econom\u00eda\u201d. A\u00f1adiendo que tambi\u00e9n favorece al sector ladrillero y maderero.&nbsp;<\/p>\n\n\n\n<p>\u201cEsto nos reconforta y nos da un buen panorama para el futuro\u201d, concluy\u00f3 Jarzynski.&nbsp;&nbsp;<\/p>\n","protected":false},"excerpt":{"rendered":"<p>Las localidades del interior est\u00e1n siendo beneficiadas con un importante paquete de obras, algunas del \u201cPlan Cien Obras para Formosa\u201d, firmadas en el 2021 y otras del Plan de Obras para el Desarrollo de la Naci\u00f3n, \u201cArgentina Grande\u201d. Todas logradas a trav\u00e9s de la gesti\u00f3n del gobernador de la provincia, doctor Gildo Insfr\u00e1n.&nbsp; En ese [&hellip;]<\/p>\n","protected":false},"author":11,"featured_media":56524,"comment_status":"closed","ping_status":"closed","sticky":false,"template":"","format":"standard","meta":{"footnotes":""},"categories":[11],"tags":[],"class_list":["post-56515","post","type-post","status-publish","format-standard","has-post-thumbnail","hentry","category-interior"],"_links":{"self":[{"href":"http:\/\/informeformosa.com.ar\/index.php?rest_route=\/wp\/v2\/posts\/56515","targetHints":{"allow":["GET"]}}],"collection":[{"href":"http:\/\/informeformosa.com.ar\/index.php?rest_route=\/wp\/v2\/posts"}],"about":[{"href":"http:\/\/informeformosa.com.ar\/index.php?rest_route=\/wp\/v2\/types\/post"}],"author":[{"embeddable":true,"href":"http:\/\/informeformosa.com.ar\/index.php?rest_route=\/wp\/v2\/users\/11"}],"replies":[{"embeddable":true,"href":"http:\/\/informeformosa.com.ar\/index.php?rest_route=%2Fwp%2Fv2%2Fcomments&post=56515"}],"version-history":[{"count":1,"href":"http:\/\/informeformosa.com.ar\/index.php?rest_route=\/wp\/v2\/posts\/56515\/revisions"}],"predecessor-version":[{"id":56525,"href":"http:\/\/informeformosa.com.ar\/index.php?rest_route=\/wp\/v2\/posts\/56515\/revisions\/56525"}],"wp:featuredmedia":[{"embeddable":true,"href":"http:\/\/informeformosa.com.ar\/index.php?rest_route=\/wp\/v2\/media\/56524"}],"wp:attachment":[{"href":"http:\/\/informeformosa.com.ar\/index.php?rest_route=%2Fwp%2Fv2%2Fmedia&parent=56515"}],"wp:term":[{"taxonomy":"category","embeddable":true,"href":"http:\/\/informeformosa.com.ar\/index.php?rest_route=%2Fwp%2Fv2%2Fcategories&post=56515"},{"taxonomy":"post_tag","embeddable":true,"href":"http:\/\/informeformosa.com.ar\/index.php?rest_route=%2Fwp%2Fv2%2Ftags&post=56515"}],"curies":[{"name":"wp","href":"https:\/\/api.w.org\/{rel}","templated":true}]}}