{"id":56514,"date":"2022-06-19T22:00:00","date_gmt":"2022-06-20T01:00:00","guid":{"rendered":"http:\/\/informeformosa.com.ar\/?p=56514"},"modified":"2022-06-20T10:28:04","modified_gmt":"2022-06-20T13:28:04","slug":"destacan-la-habilitacion-del-servicio-de-neonatologia-para-mediana-y-baja-complejidad-en-hospital-distrital-n-8","status":"publish","type":"post","link":"http:\/\/informeformosa.com.ar\/?p=56514","title":{"rendered":"Destacan la habilitaci\u00f3n del Servicio de Neonatolog\u00eda para mediana y baja complejidad en Hospital Distrital N\u00b0 8"},"content":{"rendered":"\n<p><em>El m\u00e9dico Eber Figueredo, director asociado del Hospital Distrital N\u00b0 8, se refiri\u00f3 a la habilitaci\u00f3n del Servicio de Neonatolog\u00eda para mediana y baja complejidad en dicho nosocomio.&nbsp;<\/em><\/p>\n\n\n\n<p>Al respecto, seg\u00fan datos recabados por <strong>AGENFOR,<\/strong> el profesional expres\u00f3: \u201cEs una alegr\u00eda enorme poder contar con este sector dentro del hospital\u201d y remarc\u00f3 que \u201cen los \u00faltimos meses se estuvo trabajando para lograrlo\u201d.&nbsp;<\/p>\n\n\n\n<p>Adem\u00e1s, explic\u00f3 que \u201ccon esto se busca descentralizar un poco esta \u00e1rea en el Hospital de la Madre y el Ni\u00f1o que cuenta con Neonatolog\u00eda de alto, mediano y bajo riesgo\u201d y a la vez \u201cbrindar un servicio m\u00e1s a la poblaci\u00f3n y a nuestra \u00e1rea de cobertura (Circuito Cinco) que comprende varios barrios\u201d.<\/p>\n\n\n\n<p>En referencia a la capacidad, se\u00f1al\u00f3: \u201cContamos con seis puestos que se pueden ampliar a ocho, adem\u00e1s del equipamiento nuevo y necesario\u201d.<\/p>\n\n\n\n<p>Seguidamente, afirm\u00f3 que \u201cesto es parte de un proyecto provincial con una mirada hacia el futuro en materia de salud p\u00fablica\u201d, destacando el trabajo que \u201cviene realizando en el transcurso de los a\u00f1os el gobernador Gildo Insfr\u00e1n\u201d y \u201cla gesti\u00f3n del ministro de Desarrollo Humano, el doctor An\u00edbal G\u00f3mez, quien d\u00eda a d\u00eda estuvo supervisando los avances para que hoy estos sea un hecho y no quede en un proyecto\u201d.&nbsp;<\/p>\n\n\n\n<p>Tambi\u00e9n, aclar\u00f3 que \u201cpodemos tener la infraestructura y el equipamiento, pero si no contamos con personal capacitado, todo esto no sirve de nada\u201d y continu\u00f3: \u201cEs para destacar que vamos a contar con pediatras y un equipo de enfermer\u00eda que fue altamente capacitado y formado en neonatolog\u00eda en la provincia\u201d, cerr\u00f3.<\/p>\n","protected":false},"excerpt":{"rendered":"<p>El m\u00e9dico Eber Figueredo, director asociado del Hospital Distrital N\u00b0 8, se refiri\u00f3 a la habilitaci\u00f3n del Servicio de Neonatolog\u00eda para mediana y baja complejidad en dicho nosocomio.&nbsp; Al respecto, seg\u00fan datos recabados por AGENFOR, el profesional expres\u00f3: \u201cEs una alegr\u00eda enorme poder contar con este sector dentro del hospital\u201d y remarc\u00f3 que \u201cen los [&hellip;]<\/p>\n","protected":false},"author":11,"featured_media":56520,"comment_status":"closed","ping_status":"closed","sticky":false,"template":"","format":"standard","meta":{"footnotes":""},"categories":[12],"tags":[],"class_list":["post-56514","post","type-post","status-publish","format-standard","has-post-thumbnail","hentry","category-salud"],"_links":{"self":[{"href":"http:\/\/informeformosa.com.ar\/index.php?rest_route=\/wp\/v2\/posts\/56514","targetHints":{"allow":["GET"]}}],"collection":[{"href":"http:\/\/informeformosa.com.ar\/index.php?rest_route=\/wp\/v2\/posts"}],"about":[{"href":"http:\/\/informeformosa.com.ar\/index.php?rest_route=\/wp\/v2\/types\/post"}],"author":[{"embeddable":true,"href":"http:\/\/informeformosa.com.ar\/index.php?rest_route=\/wp\/v2\/users\/11"}],"replies":[{"embeddable":true,"href":"http:\/\/informeformosa.com.ar\/index.php?rest_route=%2Fwp%2Fv2%2Fcomments&post=56514"}],"version-history":[{"count":1,"href":"http:\/\/informeformosa.com.ar\/index.php?rest_route=\/wp\/v2\/posts\/56514\/revisions"}],"predecessor-version":[{"id":56521,"href":"http:\/\/informeformosa.com.ar\/index.php?rest_route=\/wp\/v2\/posts\/56514\/revisions\/56521"}],"wp:featuredmedia":[{"embeddable":true,"href":"http:\/\/informeformosa.com.ar\/index.php?rest_route=\/wp\/v2\/media\/56520"}],"wp:attachment":[{"href":"http:\/\/informeformosa.com.ar\/index.php?rest_route=%2Fwp%2Fv2%2Fmedia&parent=56514"}],"wp:term":[{"taxonomy":"category","embeddable":true,"href":"http:\/\/informeformosa.com.ar\/index.php?rest_route=%2Fwp%2Fv2%2Fcategories&post=56514"},{"taxonomy":"post_tag","embeddable":true,"href":"http:\/\/informeformosa.com.ar\/index.php?rest_route=%2Fwp%2Fv2%2Ftags&post=56514"}],"curies":[{"name":"wp","href":"https:\/\/api.w.org\/{rel}","templated":true}]}}