{"id":56513,"date":"2022-06-19T22:00:00","date_gmt":"2022-06-20T01:00:00","guid":{"rendered":"http:\/\/informeformosa.com.ar\/?p=56513"},"modified":"2022-06-20T10:21:49","modified_gmt":"2022-06-20T13:21:49","slug":"el-acto-central-por-el-dia-de-la-bandera-%ef%bf%bc-se-realizara-en-el-estadio-cincuentenario","status":"publish","type":"post","link":"http:\/\/informeformosa.com.ar\/?p=56513","title":{"rendered":"El acto central por el D\u00eda de la Bandera \ufffc se realizar\u00e1 en el Estadio Cincuentenario"},"content":{"rendered":"\n<p><em>En la oportunidad prometer\u00e1n lealtad a la ense\u00f1a patria 400 alumnos del cuarto grado. Adem\u00e1s prestar\u00e1n juramento los soldados del Ej\u00e9rcito, agentes, cadetes y oficiales de la Polic\u00eda de la Provincia de Formosa.<\/em><\/p>\n\n\n\n<p>De acuerdo al cronograma establecido, la actividad oficial encabezada por el gobernador Gildo Insfr\u00e1n comenzar\u00e1 a las 8 con la concentraci\u00f3n de delegaciones estudiantiles, abanderados de fuerzas armadas, de seguridad y policiales y p\u00fablico en general frente al M\u00e1stil Municipal, ubicado en la intersecci\u00f3n de la calle San Mart\u00edn y Avenida 25 de Mayo de la Ciudad de Formosa.<\/p>\n\n\n\n<p>Para las 9 est\u00e1 previsto el arribo del primer mandatario y all\u00ed se realizar\u00e1 la ceremonia de izamiento del Pabell\u00f3n Nacional y de la Bandera de Formosa, con los acordes de Aurora. Luego habr\u00e1 un dep\u00f3sito de ofrendas florales y un minuto de silencio.<\/p>\n\n\n\n<p>A las 10 ser\u00e1 el acto central por el D\u00eda de la Bandera en el Polideportivo Cincuentenario que consistir\u00e1 en la ceremonia de promesa de lealtad a la Bandera Nacional a alumnos del cuarto grado de educaci\u00f3n primaria a cargo del ministro de Cultura y Educaci\u00f3n Luis Eugenio Basterra.<\/p>\n\n\n\n<p>Luego ser\u00e1 el momento de la toma de juramento a la bandera a soldados del Ej\u00e9rcito Argentino, oficiales, agentes, cadetes de la Polic\u00eda de la Provincia a cargo del Jefe de la Guarnici\u00f3n Ej\u00e9rcito y Jefe del Regimiento de Infanter\u00eda de Monte 29, coronel Gabriel Jorge De Senzi, luego se retirar\u00e1n las banderas y culminar\u00e1 la ceremonia.<\/p>\n","protected":false},"excerpt":{"rendered":"<p>En la oportunidad prometer\u00e1n lealtad a la ense\u00f1a patria 400 alumnos del cuarto grado. Adem\u00e1s prestar\u00e1n juramento los soldados del Ej\u00e9rcito, agentes, cadetes y oficiales de la Polic\u00eda de la Provincia de Formosa. De acuerdo al cronograma establecido, la actividad oficial encabezada por el gobernador Gildo Insfr\u00e1n comenzar\u00e1 a las 8 con la concentraci\u00f3n de [&hellip;]<\/p>\n","protected":false},"author":11,"featured_media":56517,"comment_status":"closed","ping_status":"closed","sticky":false,"template":"","format":"standard","meta":{"footnotes":""},"categories":[2],"tags":[],"class_list":["post-56513","post","type-post","status-publish","format-standard","has-post-thumbnail","hentry","category-locales"],"_links":{"self":[{"href":"http:\/\/informeformosa.com.ar\/index.php?rest_route=\/wp\/v2\/posts\/56513","targetHints":{"allow":["GET"]}}],"collection":[{"href":"http:\/\/informeformosa.com.ar\/index.php?rest_route=\/wp\/v2\/posts"}],"about":[{"href":"http:\/\/informeformosa.com.ar\/index.php?rest_route=\/wp\/v2\/types\/post"}],"author":[{"embeddable":true,"href":"http:\/\/informeformosa.com.ar\/index.php?rest_route=\/wp\/v2\/users\/11"}],"replies":[{"embeddable":true,"href":"http:\/\/informeformosa.com.ar\/index.php?rest_route=%2Fwp%2Fv2%2Fcomments&post=56513"}],"version-history":[{"count":1,"href":"http:\/\/informeformosa.com.ar\/index.php?rest_route=\/wp\/v2\/posts\/56513\/revisions"}],"predecessor-version":[{"id":56518,"href":"http:\/\/informeformosa.com.ar\/index.php?rest_route=\/wp\/v2\/posts\/56513\/revisions\/56518"}],"wp:featuredmedia":[{"embeddable":true,"href":"http:\/\/informeformosa.com.ar\/index.php?rest_route=\/wp\/v2\/media\/56517"}],"wp:attachment":[{"href":"http:\/\/informeformosa.com.ar\/index.php?rest_route=%2Fwp%2Fv2%2Fmedia&parent=56513"}],"wp:term":[{"taxonomy":"category","embeddable":true,"href":"http:\/\/informeformosa.com.ar\/index.php?rest_route=%2Fwp%2Fv2%2Fcategories&post=56513"},{"taxonomy":"post_tag","embeddable":true,"href":"http:\/\/informeformosa.com.ar\/index.php?rest_route=%2Fwp%2Fv2%2Ftags&post=56513"}],"curies":[{"name":"wp","href":"https:\/\/api.w.org\/{rel}","templated":true}]}}