{"id":56499,"date":"2022-06-18T17:55:57","date_gmt":"2022-06-18T20:55:57","guid":{"rendered":"http:\/\/informeformosa.com.ar\/?p=56499"},"modified":"2022-06-18T17:55:58","modified_gmt":"2022-06-18T20:55:58","slug":"exitosa-edicion-especial-por-el-dia-del-padre-de-soberania-alimentaria-formosena%ef%bf%bc","status":"publish","type":"post","link":"http:\/\/informeformosa.com.ar\/?p=56499","title":{"rendered":"Exitosa edici\u00f3n especial por el D\u00eda del Padre de Soberan\u00eda Alimentaria Formose\u00f1a\ufffc"},"content":{"rendered":"\n<p><em>Paola Corrales, coordinadora del programa Soberan\u00eda Alimentaria Formose\u00f1a, se refiri\u00f3 a la edici\u00f3n especial que se realiz\u00f3 este s\u00e1bado 18 por el D\u00eda del Padre, en los tres puntos fijos de comercializaci\u00f3n.<\/em><\/p>\n\n\n\n<p>En di\u00e1logo con <strong>AGENFOR,<\/strong> Corrales indic\u00f3 que \u201ccon el objetivo de agasajar a los pap\u00e1s, el programa organiz\u00f3 un sorteo solidario con productos que se venden dentro de este espacio\u201d y explic\u00f3 que los premios fueron \u201cdonaciones realizadas por parte de las PyMES y consorcios que forman parte de Soberan\u00eda Alimentaria\u201d.&nbsp;<\/p>\n\n\n\n<p>Respecto de los premios, coment\u00f3 que \u201cel consorcio de Riacho He H\u00e9 don\u00f3 bolsones que conten\u00edan sus productos m\u00e1s fuerte que son los verdeos y las frutas de estaci\u00f3n como los c\u00edtricos\u201d y se\u00f1al\u00f3 que \u201cRita, nuestra emprendedora cl\u00e1sica, colabor\u00f3 con la excelencia de sus producciones de mermeladas, dulces y escabeches\u201d.&nbsp;<\/p>\n\n\n\n<p>Y precis\u00f3: \u201cHarina de ma\u00edz Villafa\u00f1e, tanto la pre cocida como la cl\u00e1sica, la leche Pur\u00edsima y quesitos La Paulina, otorgados por una empresa de l\u00e1cteos que se suma y apuesta a este programa provincial, el arroz 0000 y 00000 de Molino Fortuc, entre otras propuestas que siempre acompa\u00f1an a Soberan\u00eda Alimentaria\u201d.<\/p>\n\n\n\n<p>Por otra parte, realz\u00f3 la presencia de los vecinos a los distintos puntos de venta, expresando que \u201cindependientemente del fr\u00edo se acercaron desde horas tempranas y aprovecharon las ofertas especiales, principalmente la de los cortes c\u00e1rnicos de la Red de Carnicer\u00eda Los Nenecos \u201c.&nbsp;<\/p>\n\n\n\n<p>Adem\u00e1s, asegur\u00f3 que se cont\u00f3 \u201ccon stock suficiente\u201d y celebr\u00f3 que \u201clas personas se hayan sumado\u201d.&nbsp;<\/p>\n\n\n\n<p>Cabe recordar que, en esta edici\u00f3n especial, se encontraron habilitados los tres puntos fijos de comercializaci\u00f3n situados en el barrio Sim\u00f3n Bolivar en Paula Abarrac\u00edn N\u00b0 2735;&nbsp; frente al Alta Complejidad en la Avenida N\u00e9stor Kirchner N\u00b01855 y en el barrio 12 de Octubre ubicado en la Avenida N\u00e9stor Kirchner N\u00b05585.<\/p>\n","protected":false},"excerpt":{"rendered":"<p>Paola Corrales, coordinadora del programa Soberan\u00eda Alimentaria Formose\u00f1a, se refiri\u00f3 a la edici\u00f3n especial que se realiz\u00f3 este s\u00e1bado 18 por el D\u00eda del Padre, en los tres puntos fijos de comercializaci\u00f3n. En di\u00e1logo con AGENFOR, Corrales indic\u00f3 que \u201ccon el objetivo de agasajar a los pap\u00e1s, el programa organiz\u00f3 un sorteo solidario con productos [&hellip;]<\/p>\n","protected":false},"author":11,"featured_media":56503,"comment_status":"closed","ping_status":"closed","sticky":false,"template":"","format":"standard","meta":{"footnotes":""},"categories":[2],"tags":[],"class_list":["post-56499","post","type-post","status-publish","format-standard","has-post-thumbnail","hentry","category-locales"],"_links":{"self":[{"href":"http:\/\/informeformosa.com.ar\/index.php?rest_route=\/wp\/v2\/posts\/56499","targetHints":{"allow":["GET"]}}],"collection":[{"href":"http:\/\/informeformosa.com.ar\/index.php?rest_route=\/wp\/v2\/posts"}],"about":[{"href":"http:\/\/informeformosa.com.ar\/index.php?rest_route=\/wp\/v2\/types\/post"}],"author":[{"embeddable":true,"href":"http:\/\/informeformosa.com.ar\/index.php?rest_route=\/wp\/v2\/users\/11"}],"replies":[{"embeddable":true,"href":"http:\/\/informeformosa.com.ar\/index.php?rest_route=%2Fwp%2Fv2%2Fcomments&post=56499"}],"version-history":[{"count":1,"href":"http:\/\/informeformosa.com.ar\/index.php?rest_route=\/wp\/v2\/posts\/56499\/revisions"}],"predecessor-version":[{"id":56504,"href":"http:\/\/informeformosa.com.ar\/index.php?rest_route=\/wp\/v2\/posts\/56499\/revisions\/56504"}],"wp:featuredmedia":[{"embeddable":true,"href":"http:\/\/informeformosa.com.ar\/index.php?rest_route=\/wp\/v2\/media\/56503"}],"wp:attachment":[{"href":"http:\/\/informeformosa.com.ar\/index.php?rest_route=%2Fwp%2Fv2%2Fmedia&parent=56499"}],"wp:term":[{"taxonomy":"category","embeddable":true,"href":"http:\/\/informeformosa.com.ar\/index.php?rest_route=%2Fwp%2Fv2%2Fcategories&post=56499"},{"taxonomy":"post_tag","embeddable":true,"href":"http:\/\/informeformosa.com.ar\/index.php?rest_route=%2Fwp%2Fv2%2Ftags&post=56499"}],"curies":[{"name":"wp","href":"https:\/\/api.w.org\/{rel}","templated":true}]}}