{"id":53891,"date":"2021-10-15T17:31:31","date_gmt":"2021-10-15T20:31:31","guid":{"rendered":"http:\/\/informeformosa.com.ar\/?p=53891"},"modified":"2021-10-15T17:31:34","modified_gmt":"2021-10-15T20:31:34","slug":"este-sabado-16-vuelve-la-feria-de-los-artesanos-frente-a-la-sede-del-ias","status":"publish","type":"post","link":"http:\/\/informeformosa.com.ar\/?p=53891","title":{"rendered":"Este s\u00e1bado 16, vuelve la Feria de los Artesanos frente a la sede del IAS"},"content":{"rendered":"\n<p><em>Este s\u00e1bado 16 de octubre, a las 16 horas, se har\u00e1 el relanzamiento del Paseo de los Artesanos en la Plazoleta de los Gobernadores, situada frente a la sede del Instituto de Asistencia Social (IAS), en Avenida 25 de Mayo entre Belgrano y San Mart\u00edn.<\/em><\/p>\n\n\n\n<p>Se extender\u00e1 hasta las 20 horas y posteriormente se realizar\u00e1 un acto en donde nombrar\u00e1 al paseo, a modo de homenaje, con el nombre de una artesana, seg\u00fan datos recabados por <strong>AGENFOR.<\/strong>&nbsp;<\/p>\n\n\n\n<p>La licenciada Florencia Vera, integrante del \u00c1rea de Responsabilidad Social del IAS, indic\u00f3 que dentro de sus pol\u00edticas de responsabilidad social, el organismo acompa\u00f1a a los emprendedores en este progreso gradual que en primera medida tiene estipulado realizarse dos veces al mes.&nbsp;<\/p>\n\n\n\n<p>Al respecto, record\u00f3 que en marzo del 2020 fue la \u00faltima vez que se llev\u00f3 a cabo la feria porque debido a la pandemia se vieron obligados a suspender las jornadas.&nbsp;<\/p>\n\n\n\n<p>En referencia, sin bien la actividad se desarrollar\u00e1 al aire libre, pidi\u00f3 a la sociedad que \u201cno dejemos de respetar los protocolos sanitarios\u201d.&nbsp;<\/p>\n\n\n\n<p>\u201cLa idea es que todas las familias acompa\u00f1en a los emprendedores en este regreso a las ferias. All\u00ed encontrar\u00e1n trabajos de calidad y realizados con amor\u201d, sostuvo y record\u00f3 que \u201cel espacio es gratuito y se encuentra a disposici\u00f3n de los emprendedores de este rubro\u201d.&nbsp;<\/p>\n\n\n\n<p>Por otra parte, Alicia Alliana, integrante de la Asociaci\u00f3n de Artesanos de Formosa, puso en resalto la alegr\u00eda que provoca el regreso de este espacio y a modo informativo detall\u00f3 que algunos trabajos son realizados con cuero, tejidos de crochet, reciclado con pinturas y otros materiales.<\/p>\n","protected":false},"excerpt":{"rendered":"<p>Este s\u00e1bado 16 de octubre, a las 16 horas, se har\u00e1 el relanzamiento del Paseo de los Artesanos en la Plazoleta de los Gobernadores, situada frente a la sede del Instituto de Asistencia Social (IAS), en Avenida 25 de Mayo entre Belgrano y San Mart\u00edn. Se extender\u00e1 hasta las 20 horas y posteriormente se realizar\u00e1 [&hellip;]<\/p>\n","protected":false},"author":11,"featured_media":53900,"comment_status":"closed","ping_status":"closed","sticky":false,"template":"","format":"standard","meta":{"footnotes":""},"categories":[13],"tags":[],"class_list":["post-53891","post","type-post","status-publish","format-standard","has-post-thumbnail","hentry","category-produccion"],"_links":{"self":[{"href":"http:\/\/informeformosa.com.ar\/index.php?rest_route=\/wp\/v2\/posts\/53891","targetHints":{"allow":["GET"]}}],"collection":[{"href":"http:\/\/informeformosa.com.ar\/index.php?rest_route=\/wp\/v2\/posts"}],"about":[{"href":"http:\/\/informeformosa.com.ar\/index.php?rest_route=\/wp\/v2\/types\/post"}],"author":[{"embeddable":true,"href":"http:\/\/informeformosa.com.ar\/index.php?rest_route=\/wp\/v2\/users\/11"}],"replies":[{"embeddable":true,"href":"http:\/\/informeformosa.com.ar\/index.php?rest_route=%2Fwp%2Fv2%2Fcomments&post=53891"}],"version-history":[{"count":1,"href":"http:\/\/informeformosa.com.ar\/index.php?rest_route=\/wp\/v2\/posts\/53891\/revisions"}],"predecessor-version":[{"id":53901,"href":"http:\/\/informeformosa.com.ar\/index.php?rest_route=\/wp\/v2\/posts\/53891\/revisions\/53901"}],"wp:featuredmedia":[{"embeddable":true,"href":"http:\/\/informeformosa.com.ar\/index.php?rest_route=\/wp\/v2\/media\/53900"}],"wp:attachment":[{"href":"http:\/\/informeformosa.com.ar\/index.php?rest_route=%2Fwp%2Fv2%2Fmedia&parent=53891"}],"wp:term":[{"taxonomy":"category","embeddable":true,"href":"http:\/\/informeformosa.com.ar\/index.php?rest_route=%2Fwp%2Fv2%2Fcategories&post=53891"},{"taxonomy":"post_tag","embeddable":true,"href":"http:\/\/informeformosa.com.ar\/index.php?rest_route=%2Fwp%2Fv2%2Ftags&post=53891"}],"curies":[{"name":"wp","href":"https:\/\/api.w.org\/{rel}","templated":true}]}}