{"id":53877,"date":"2021-10-13T22:28:04","date_gmt":"2021-10-14T01:28:04","guid":{"rendered":"http:\/\/informeformosa.com.ar\/?p=53877"},"modified":"2021-10-13T22:28:06","modified_gmt":"2021-10-14T01:28:06","slug":"insfran-y-ferraresi-entregaron-294-viviendas-y-creditos-casa-propia","status":"publish","type":"post","link":"http:\/\/informeformosa.com.ar\/?p=53877","title":{"rendered":"Insfr\u00e1n y Ferraresi entregaron  294 viviendas y cr\u00e9ditos Casa Propia"},"content":{"rendered":"\n<p><em>Adem\u00e1s, el titular de la cartera de Desarrollo Territorial y H\u00e1bitat anunci\u00f3 la construcci\u00f3n de 1600 viviendas nuevas.<\/em><\/p>\n\n\n\n<p>El gobernador Gildo Insfr\u00e1n entreg\u00f3 294 viviendas correspondientes al barrio La Nueva Formosa, en el marco de un acto oficial al que asisti\u00f3 el ministro de Desarrollo Territorial y H\u00e1bitat de la Naci\u00f3n, Jorge Ferraresi, el director de H\u00e1bitat de la Naci\u00f3n Santiago Maggiotti y la secretaria de Provincias, Silvina Batakis.<\/p>\n\n\n\n<p>La ceremonia tuvo lugar en el Estadio Cincuentenario, con la presencia de las familias adjudicatarias, pero previamente los funcionarios recorrieron el barrio, donde entregaron las dos primeras viviendas, adem\u00e1s de recorrer la obra de la planta de tratamiento de residuos cloacales.&nbsp;<\/p>\n\n\n\n<p>Se trata de un conjunto habitacional de 294 viviendas, incluy\u00e9ndose 12 unidades adaptadas para personas con discapacidad y diez que corresponden a viviendas recuperadas.&nbsp;<\/p>\n\n\n\n<p>En primer lugar se hizo entrega de los cr\u00e9ditos Casa Propia, luego se procedi\u00f3 a la firma de convenio espec\u00edfico entre la Subsecretar\u00eda de Pol\u00edticas de Viviendas e Infraestructura, la secretar\u00eda de H\u00e1bitat, a cargo de Santiago Maggiotti y el Instituto Provincial de la Vivienda (IPV) de Formosa, con Marcelo Ugelli al frente, en el marco de programa Nacional de Reactivaci\u00f3n y Terminaci\u00f3n de Obras de Viviendas Infraestructuras y H\u00e1bitat.<\/p>\n\n\n\n<p>Adem\u00e1s, el acta de entrega de No Objeci\u00f3n a licitar, entre el Ministerio de Desarrollo Territorial y H\u00e1bitat de la Naci\u00f3n y la Provincia de Formosa, en el marco del Programa Integral de Asentamiento Fronterizos; Acta de entrega adhesi\u00f3n al subprograma Habitar Comunidad y Acta de entrega de No Objeci\u00f3n t\u00e9cnica en el marco del Programa Casa Propia &#8211; Construir Futuro.<\/p>\n\n\n\n<p>Tambi\u00e9n el convenio espec\u00edfico entre la Secretar\u00eda de Desarrollo Territorial y el Fondo Fiduciario para la construcci\u00f3n de viviendas del Plan Nacional de Suelo Urbano, Programa Nacional de Producci\u00f3n de Suelo, firmaron este acuerdo el ministro Ferraresi y el Gobernador de Formosa.<\/p>\n\n\n\n<p>Seguidamente se concret\u00f3 la entrega de las 294 unidades habitacionales a las familias adjudicadas previamente, con su llave y resoluci\u00f3n de adjudicaci\u00f3n.<\/p>\n\n\n\n<p><strong>Gildo Insfr\u00e1n<\/strong><\/p>\n\n\n\n<p>Durante su discurso frente a los presentes, el gobernador de Formosa, Gildo Insfr\u00e1n hizo hincapi\u00e9 en que esas 294 viviendas eran \u201ctan esperadas porque cuando se empez\u00f3 a so\u00f1ar con La Nueva Formosa, era la construcci\u00f3n de 5400 viviendas y en 2015 vino la primera pandemia que dur\u00f3 hasta el 2019\u201d\u2013 refiri\u00e9ndose al gobierno de Mauricio Macri \u2013 y agreg\u00f3 que \u201cm\u00e1s que pandemia fue una endemia porque fueron focalizados los lugares que castigaban y uno de esos lugares fue Formosa\u201d.<\/p>\n\n\n\n<p>Agradeci\u00f3 la presencia del ministro de Desarrollo Territorial y H\u00e1bitat de la Naci\u00f3n, Jorge Ferraresi y su \u201canuncio sorpresivo y extraordinario\u201d respecto a las 1600 nuevas viviendas a construir.<\/p>\n\n\n\n<p>Y expres\u00f3 que \u201cdespu\u00e9s de una larga sequ\u00eda vienen soplando nuevos vientos para Formosa\u201d se\u00f1alando que desde que Ferraresi asumi\u00f3 \u201ccambi\u00f3 el ritmo de resoluci\u00f3n de pedidos\u201d.<\/p>\n\n\n\n<p>A su vez, indic\u00f3 que esto se materializa en el hecho de que la mayor\u00eda de las obras ya est\u00e1n en un 50% de ejecuci\u00f3n y en poco tiempo se har\u00e1n los sorteos para nuevos adjudicatarios de viviendas, destacando que \u201cen la ciudad Capital nadie puede decir que se adjudica a dedos, se hace por sorteo p\u00fablico de acuerdo al padr\u00f3n de inscripci\u00f3n y luego se realizan las visitas sociales correspondientes para verificar lo declarado\u201d es decir, con una total transparencia.<\/p>\n\n\n\n<p>El primer mandatario provincial adelant\u00f3 que el d\u00eda 18 de octubre se licitar\u00e1 160 viviendas m\u00e1s para la ciudad de Clorinda y 20 localidades m\u00e1s que se ir\u00e1n sumando a licitaciones antes de fin de a\u00f1o.<\/p>\n\n\n\n<p>\u201cCada formose\u00f1o tiene su pedazo de tierra, porque aqu\u00ed es un derecho junto a la vivienda y hoy cumplimos con 294 familias\u201d asever\u00f3, considerando que se trata de un \u201clogro extraordinario\u201d por el contexto vivido donde es \u201cdif\u00edcil pagar el alquiler y nosotros lo sabemos, pero hay un poder real que no le gusta la pol\u00edtica que llevamos adelante y hace lo imposible, monopolizando todo y fijando los precios, generando problemas como la inflaci\u00f3n\u201d.<\/p>\n\n\n\n<p>Y resalt\u00f3 que el gobierno \u201ctiene toda la voluntad\u201d pero este sector nunca est\u00e1 conforme \u201cporque quieren seguir ganando m\u00e1s a costa del sufrimiento de muchos argentinos y formose\u00f1os\u201d.<\/p>\n\n\n\n<p>Por eso, se dirigi\u00f3 a la comunidad ratificando que \u201cdesde el presidente de la Naci\u00f3n para abajo todos estamos comprometidos en la lucha contra estos males que aquejan a nuestra poblaci\u00f3n\u201d<\/p>\n\n\n\n<p>Y continu\u00f3 \u201cestoy seguro que con la colaboraci\u00f3n y el respaldo pol\u00edtico que ustedes nos dar\u00e1n con el voto, el 14 de noviembre en Formosa se llenar\u00e1n las urnas con la boleta azul\u201d.<\/p>\n\n\n\n<p><strong>Anhelada casa propia<\/strong><\/p>\n\n\n\n<p>Marcelo Markerr, en representaci\u00f3n de los adjudicatarios, expres\u00f3 la emoci\u00f3n de poder contar con la \u201ctan anhelada casa propia, un sue\u00f1o que se hizo realidad en este d\u00eda para 294 familias formose\u00f1as\u201d.<\/p>\n\n\n\n<p>Dijo que la entrega llega en un \u201cmomento especial\u201d al tratarse de un a\u00f1o atravesado por la pandemia del COVID-19 y destac\u00f3 que \u00e9l al ser personal de salud del Hospital Distrital N\u00ba8 junto a sus colegas vivieron \u201cla historia de frente en primera l\u00ednea y no se la contaron\u201d sabiendo cual es la verdad.<\/p>\n\n\n\n<p>Por eso, resalt\u00f3 que la pol\u00edtica sanitaria implementada desde el gobierno provincial, bajo la gesti\u00f3n del gobernador Gildo Insfr\u00e1n, fue \u201cacertada y hoy est\u00e1 a las claras la reactivaci\u00f3n econ\u00f3mica, social y cultural est\u00e1 volviendo a lo que era antes\u201d estim\u00f3.<\/p>\n\n\n\n<p>Y agradeci\u00f3 al Gobernador en nombre de todas las familias que reciben su complejo habitacional, \u201cque sin lugar a dudas se convertir\u00e1n en 294 nuevos hogares y eso es muy importante\u201d destacando que \u201ceste gobierno hace lo que dice y cumple lo que promete\u201d.<\/p>\n\n\n\n<p><strong>Felicidad<\/strong><\/p>\n\n\n\n<p>Soledad Lucena, una de las adjudicatarias afirm\u00f3 \u201cme siento feliz por recibir mi vivienda, estamos muy contentos y agradecemos al gobernador Gildo Insfr\u00e1n, al IPV (Instituto Provincial de la Vivienda) y a toda la gente que hace posible esto, este momento nunca voy a olvidar\u201d.<\/p>\n\n\n\n<p>A su vez, Zulema presente con sus cuatro hijos, dijo que \u201ccon mucha alegr\u00eda, un hogar que todos nos merecemos, una vivienda digna\u201d, adem\u00e1s se\u00f1al\u00f3 que fue a ver la casa y \u201cme encant\u00f3, me saqu\u00e9 muchas fotos con mis hijos, nos dio una alegr\u00eda inmensa, poder vivir en un hogar propio nos cambi\u00f3 la vida a toda la familia\u201d.<\/p>\n\n\n\n<p>Tambi\u00e9n fue beneficiada la familia L\u00f3pez \u201cestamos felices compartiendo este momento especial en familia\u201d, comentaron que recorrieron su nueva casa y expresaron su agradecimiento por tener casa propia.<\/p>\n\n\n\n<p>Indicaron que ya empezaron a embalar todas sus pertenencias para mudarse el d\u00eda de ma\u00f1ana, \u201ces un lugar precioso donde uno puede realizar sus sue\u00f1os, tiene un patio grande que nos permitir\u00e1 continuar construyendo\u201d destacando que en el barrio hay centros de salud, escuelas, plaza y otros espacios p\u00fablicos.<\/p>\n\n\n\n<p>Luciana Guerrero expuso que se encuentra \u201cmuy contenta porque es una oportunidad \u00fanica y gracias a esto estamos cumpliendo nuestro sue\u00f1o de tener nuestra casa, es un momento \u00fanico porque mi hija ya tiene un lugar donde vivir y crecer\u201d<\/p>\n\n\n\n<p>Finalmente, Cristaldo Marcelino que tiene una hija con discapacidad, recibi\u00f3 su unidad con una satisfacci\u00f3n enorme, ya que se presenta \u201cla oportunidad de una nueva etapa que nos da una vivienda adaptada para que se desarrolle en todo lo que necesita\u201d.<\/p>\n","protected":false},"excerpt":{"rendered":"<p>Adem\u00e1s, el titular de la cartera de Desarrollo Territorial y H\u00e1bitat anunci\u00f3 la construcci\u00f3n de 1600 viviendas nuevas. El gobernador Gildo Insfr\u00e1n entreg\u00f3 294 viviendas correspondientes al barrio La Nueva Formosa, en el marco de un acto oficial al que asisti\u00f3 el ministro de Desarrollo Territorial y H\u00e1bitat de la Naci\u00f3n, Jorge Ferraresi, el director [&hellip;]<\/p>\n","protected":false},"author":11,"featured_media":53882,"comment_status":"closed","ping_status":"closed","sticky":false,"template":"","format":"standard","meta":{"footnotes":""},"categories":[2],"tags":[],"class_list":["post-53877","post","type-post","status-publish","format-standard","has-post-thumbnail","hentry","category-locales"],"_links":{"self":[{"href":"http:\/\/informeformosa.com.ar\/index.php?rest_route=\/wp\/v2\/posts\/53877","targetHints":{"allow":["GET"]}}],"collection":[{"href":"http:\/\/informeformosa.com.ar\/index.php?rest_route=\/wp\/v2\/posts"}],"about":[{"href":"http:\/\/informeformosa.com.ar\/index.php?rest_route=\/wp\/v2\/types\/post"}],"author":[{"embeddable":true,"href":"http:\/\/informeformosa.com.ar\/index.php?rest_route=\/wp\/v2\/users\/11"}],"replies":[{"embeddable":true,"href":"http:\/\/informeformosa.com.ar\/index.php?rest_route=%2Fwp%2Fv2%2Fcomments&post=53877"}],"version-history":[{"count":1,"href":"http:\/\/informeformosa.com.ar\/index.php?rest_route=\/wp\/v2\/posts\/53877\/revisions"}],"predecessor-version":[{"id":53883,"href":"http:\/\/informeformosa.com.ar\/index.php?rest_route=\/wp\/v2\/posts\/53877\/revisions\/53883"}],"wp:featuredmedia":[{"embeddable":true,"href":"http:\/\/informeformosa.com.ar\/index.php?rest_route=\/wp\/v2\/media\/53882"}],"wp:attachment":[{"href":"http:\/\/informeformosa.com.ar\/index.php?rest_route=%2Fwp%2Fv2%2Fmedia&parent=53877"}],"wp:term":[{"taxonomy":"category","embeddable":true,"href":"http:\/\/informeformosa.com.ar\/index.php?rest_route=%2Fwp%2Fv2%2Fcategories&post=53877"},{"taxonomy":"post_tag","embeddable":true,"href":"http:\/\/informeformosa.com.ar\/index.php?rest_route=%2Fwp%2Fv2%2Ftags&post=53877"}],"curies":[{"name":"wp","href":"https:\/\/api.w.org\/{rel}","templated":true}]}}