{"id":53875,"date":"2021-10-13T22:16:07","date_gmt":"2021-10-14T01:16:07","guid":{"rendered":"http:\/\/informeformosa.com.ar\/?p=53875"},"modified":"2021-10-13T22:16:11","modified_gmt":"2021-10-14T01:16:11","slug":"solis-el-modelo-formoseno-sigue-invirtiendo-en-igualdad-de-oportunidades-y-equidad-territorial","status":"publish","type":"post","link":"http:\/\/informeformosa.com.ar\/?p=53875","title":{"rendered":"Sol\u00eds: \u201cEl Modelo Formose\u00f1o sigue invirtiendo en igualdad de oportunidades y equidad territorial\u201d"},"content":{"rendered":"\n<p>En el marco de la segunda jornada de su extensa gira por el oeste provincial, el vicegobernador de Formosa, el doctor Eber Sol\u00eds, encabez\u00f3 un acto en la Escuela N\u00ba 420 de la comunidad de Misi\u00f3n Pozo Yacar\u00e9.&nbsp;<\/p>\n\n\n\n<p>Adem\u00e1s, dej\u00f3 habilitados el JIN N\u00b021 y el Anexo de la EPEP N\u00b0484 en Teniente General Rosendo Fraga; y la Iglesia Anglicana, tambi\u00e9n en Pozo Yacar\u00e9.<\/p>\n\n\n\n<p>En la Escuela N\u00b0420, Sol\u00eds hizo entrega de tablets a los estudiantes del tercer a\u00f1o del Ciclo B\u00e1sico Rural (CBR) del Anexo EPES EIB N\u00ba 3, con el fin de garantizar el acceso a la conectividad, universalizar el servicio y el conocimiento, tal como lo pregona el gobernador Gildo Insfr\u00e1n.<\/p>\n\n\n\n<p>Acompa\u00f1aron al vicegobernador, la subsecretaria de Educaci\u00f3n, la profesora Anal\u00eda Heizenreder; el diputado provincial Roberto Vizca\u00edno; el intendente de Ingeniero Ju\u00e1rez, Rafael Nacif; el director del Hospital de esa localidad, el doctor Jos\u00e9 Fern\u00e1ndez, entre otros.&nbsp;<\/p>\n\n\n\n<p>\u201cSe\u00f1or Vicegobernador, la comunidad de esta Escuela 420 de Misi\u00f3n Pozo Yacar\u00e9 est\u00e1 feliz y emocionada por tenerlo nuevamente de visita y esto es algo significativo para los ni\u00f1os. Les damos la bienvenida a todos, esperamos que tengan una muy buena jornada y que se sientan como en su&nbsp; casa\u201d, subray\u00f3 la directora del establecimiento educativo.&nbsp;<\/p>\n\n\n\n<p>Luego se procedi\u00f3 a realizar la entrega de las tablets a los alumnos del tercer a\u00f1o del CBR Anexo EPES N\u00ba 3 de Pozo Yacar\u00e9.&nbsp;<\/p>\n\n\n\n<p>\u201cAl cacique Germ\u00e1n Quintana, querido compa\u00f1ero, gracias por recibirnos y en nombre tuyo gracias a toda la comunidad de Pozo Yacar\u00e9. Vinimos por un pedido del gobernador Insfr\u00e1n nuevamente a visitar la comunidad\u201d, puso de resalto el Vicegobernador al iniciar su alocuci\u00f3n, seg\u00fan declaraciones recogidas por <strong>AGENFOR.<\/strong>&nbsp;<\/p>\n\n\n\n<p>A su vez, record\u00f3 que \u201cen el 2019, en un operativo Por Nuestra Gente, Todo, el Gobernador se comprometi\u00f3 a que aqu\u00ed llegue el wifi, as\u00ed que hoy, gracias a que cumpli\u00f3 con su palabra, como lo ha hecho en tantas otras oportunidades en Pozo Yacar\u00e9, continuamos con la entrega de estas tablets para los alumnos de tercer a\u00f1o de la comunidad\u201d.&nbsp;&nbsp;&nbsp;<\/p>\n\n\n\n<p>\u201cHace un a\u00f1o atr\u00e1s, en compa\u00f1\u00eda del equipo del Gobernador, hicimos tambi\u00e9n entrega de tablets para alumnos de la Secundaria, con la particularidad de que esas netbooks hab\u00edan sido recuperadas de un galp\u00f3n donde durante los cuatro a\u00f1os del Gobierno Nacional anterior estuvieron guardadas, privando a j\u00f3venes formose\u00f1os y de diferentes lugares del pa\u00eds de poder tener acceso a la igualdad de oportunidades\u201d, reprob\u00f3.&nbsp;<\/p>\n\n\n\n<p>No obstante, \u201cgracias a la gesti\u00f3n del gobernador Insfr\u00e1n en ese momento y ya teniendo un Gobierno nacional y popular, como es la gesti\u00f3n del presidente Alberto Fern\u00e1ndez y la vicepresidenta Cristina Kirchner, podemos tener las mismas posibilidades en Pozo Yacar\u00e9 o Pozo de Maza, donde el mercado jam\u00e1s invertir\u00eda un peso\u201d.&nbsp;<\/p>\n\n\n\n<p>\u201cHoy tenemos un Gobierno nacional y popular y un Modelo Formose\u00f1o que conduce el gobernador Insfr\u00e1n que sigue invirtiendo en igualdad de oportunidades y equidad territorial\u201d, concluy\u00f3.&nbsp;<\/p>\n\n\n\n<p><strong>Iglesia Anglicana<\/strong><\/p>\n\n\n\n<p>Luego, el vicegobernador se dirigi\u00f3 hasta la nueva sede de la Iglesia Anglicana de Misi\u00f3n Pozo Yacar\u00e9, donde cort\u00f3 la cinta con el fin de habilitar el lugar para la pr\u00e1ctica religiosa.<\/p>\n\n\n\n<p>All\u00ed, uno de los dirigentes eclesi\u00e1sticos expres\u00f3 su conformidad por el nuevo edificio y reconoci\u00f3 que el gobernador Insfr\u00e1n \u201ccumpli\u00f3 con su palabra\u201d.<\/p>\n\n\n\n<p><strong>JIN 21 y EPEP 484<\/strong><\/p>\n\n\n\n<p>Seguidamente, Sol\u00eds lleg\u00f3 hasta Teniente General Rosendo Fraga donde inaugur\u00f3 el Anexo de la EPEP N\u00b0484 y el JIN N\u00b021.<\/p>\n\n\n\n<p>Al tomar la palabra en el acto, el vicegobernador manifest\u00f3 que, con la habilitaci\u00f3n del establecimiento \u201cpodemos hablar no s\u00f3lo de justicia social\u201d sino tambi\u00e9n de \u201cjusticia pedag\u00f3gica\u201d, que significa que ni\u00f1os y ni\u00f1as, sin importar d\u00f3nde vivan, tengan las mismas posibilidades, con docentes formados y calificados, de poder aprender y desarrollar sus conocimientos, para escalar en la vida social.<\/p>\n\n\n\n<p>\u201cTambi\u00e9n una justicia ambiental que, no solamente permita a los ni\u00f1os valorar el ambiente en el lugar donde ellos van a desarrollar su educaci\u00f3n, sino tambi\u00e9n en este tipo de infraestructura c\u00f3moda y con calidad suficiente\u201d, subray\u00f3.<\/p>\n\n\n\n<p>Y a\u00f1adi\u00f3: \u201cAdem\u00e1s una justicia emocional, donde los ni\u00f1os se sientan importantes, valorados, reconocidos, donde se les ense\u00f1e el amor y fundamentalmente se le transmita, que es lo que nosotros queremos como sociedad, que sean buenas personas\u201d.<\/p>\n\n\n\n<p>Porque, consider\u00f3 Sol\u00eds, \u201csi hay ni\u00f1os felices, habr\u00e1 una comunidad feliz y si hay una comunidad feliz es porque hay esperanzas, progresos, muestras permanentes como la de hoy en Fraga\u201d.<\/p>\n\n\n\n<p>Asimismo, resalt\u00f3 que con la entrega de dicho edificio se cumple con la obra 1408 en la gesti\u00f3n del Modelo Formose\u00f1o que conduce el gobernador Insfr\u00e1n y destac\u00f3 que \u201ceso significa justicia social con igualdad de oportunidades y equidad territorial\u201d.<\/p>\n\n\n\n<p>\u201cRemarcamos esto porque el mismo establecimiento que hoy reciben ustedes en Fraga lo tiene aquel formose\u00f1o que vive en el centro de Formosa capital, Clorinda, Laish\u00ed o cualquier otro punto de la provincia\u201d, argument\u00f3.<\/p>\n\n\n\n<p>Y asever\u00f3: \u201cPorque ustedes son iguales que nosotros y nosotros iguales que ustedes, somos formose\u00f1os y formose\u00f1as que vamos a seguir trabajando por el Modelo Formose\u00f1o y de esa manera seguramente m\u00e1s obras como estas seguir\u00e1n permiti\u00e9ndose en cada lugar de la provincia\u201d.<\/p>\n\n\n\n<p>Otro orador de la ocasi\u00f3n fue el candidato a diputado nacional por el Frente de Todos, Adri\u00e1n Areco, quien puso de resalto que este tipo de obras \u201creflejan el amor del conductor Gildo Insfr\u00e1n por todo su pueblo formose\u00f1o\u201d.<\/p>\n\n\n\n<p>\u201cEsto que parece algo autom\u00e1tico o normal, no lo es en otras provincias, ni es una casualidad, sino que es obra de una planificaci\u00f3n estrat\u00e9gica, con base en un proyecto pol\u00edtico como es nuestro Modelo Formose\u00f1o\u201d, fundament\u00f3.<\/p>\n\n\n\n<p>Por \u00faltimo, Elsa Montenegro, coordinadora de Nivel Inicial de la zona, convers\u00f3 con <strong>AGENFOR<\/strong> y se\u00f1al\u00f3 que, aunque es formose\u00f1a capitalina, vive hace treinta a\u00f1os en el oeste formose\u00f1o trabajando en el \u00e1mbito educativo.<\/p>\n\n\n\n<p>\u201cEn todos estos a\u00f1os vi c\u00f3mo este gobierno y Modelo Formose\u00f1o realmente cumple en cada rinc\u00f3n la justicia social que el gobernador cada a\u00f1o, y a pesar de todo, cumple con lo que promete\u201d, esboz\u00f3.<\/p>\n\n\n\n<p>En esa l\u00ednea, felicit\u00f3 a la gesti\u00f3n de gobierno encabezada por Insfr\u00e1n \u201cporque realmente cumple\u201d y \u201ceso se ve en cada rinc\u00f3n de la provincia y en todo momento, no hace falta llegar a una elecci\u00f3n para que se cumpla, es siempre y constante\u201d.<\/p>\n","protected":false},"excerpt":{"rendered":"<p>En el marco de la segunda jornada de su extensa gira por el oeste provincial, el vicegobernador de Formosa, el doctor Eber Sol\u00eds, encabez\u00f3 un acto en la Escuela N\u00ba 420 de la comunidad de Misi\u00f3n Pozo Yacar\u00e9.&nbsp; Adem\u00e1s, dej\u00f3 habilitados el JIN N\u00b021 y el Anexo de la EPEP N\u00b0484 en Teniente General Rosendo [&hellip;]<\/p>\n","protected":false},"author":11,"featured_media":53878,"comment_status":"closed","ping_status":"closed","sticky":false,"template":"","format":"standard","meta":{"footnotes":""},"categories":[11],"tags":[],"class_list":["post-53875","post","type-post","status-publish","format-standard","has-post-thumbnail","hentry","category-interior"],"_links":{"self":[{"href":"http:\/\/informeformosa.com.ar\/index.php?rest_route=\/wp\/v2\/posts\/53875","targetHints":{"allow":["GET"]}}],"collection":[{"href":"http:\/\/informeformosa.com.ar\/index.php?rest_route=\/wp\/v2\/posts"}],"about":[{"href":"http:\/\/informeformosa.com.ar\/index.php?rest_route=\/wp\/v2\/types\/post"}],"author":[{"embeddable":true,"href":"http:\/\/informeformosa.com.ar\/index.php?rest_route=\/wp\/v2\/users\/11"}],"replies":[{"embeddable":true,"href":"http:\/\/informeformosa.com.ar\/index.php?rest_route=%2Fwp%2Fv2%2Fcomments&post=53875"}],"version-history":[{"count":1,"href":"http:\/\/informeformosa.com.ar\/index.php?rest_route=\/wp\/v2\/posts\/53875\/revisions"}],"predecessor-version":[{"id":53879,"href":"http:\/\/informeformosa.com.ar\/index.php?rest_route=\/wp\/v2\/posts\/53875\/revisions\/53879"}],"wp:featuredmedia":[{"embeddable":true,"href":"http:\/\/informeformosa.com.ar\/index.php?rest_route=\/wp\/v2\/media\/53878"}],"wp:attachment":[{"href":"http:\/\/informeformosa.com.ar\/index.php?rest_route=%2Fwp%2Fv2%2Fmedia&parent=53875"}],"wp:term":[{"taxonomy":"category","embeddable":true,"href":"http:\/\/informeformosa.com.ar\/index.php?rest_route=%2Fwp%2Fv2%2Fcategories&post=53875"},{"taxonomy":"post_tag","embeddable":true,"href":"http:\/\/informeformosa.com.ar\/index.php?rest_route=%2Fwp%2Fv2%2Ftags&post=53875"}],"curies":[{"name":"wp","href":"https:\/\/api.w.org\/{rel}","templated":true}]}}