{"id":53864,"date":"2021-10-13T22:10:18","date_gmt":"2021-10-14T01:10:18","guid":{"rendered":"http:\/\/informeformosa.com.ar\/?p=53864"},"modified":"2021-10-13T22:10:21","modified_gmt":"2021-10-14T01:10:21","slug":"formosa-es-una-de-las-provincias-que-mejor-ha-vacunado-contra-el-covid-19-destacan","status":"publish","type":"post","link":"http:\/\/informeformosa.com.ar\/?p=53864","title":{"rendered":"\u201cFormosa es una de las provincias que mejor ha vacunado\u201d contra el COVID-19, destacan"},"content":{"rendered":"\n<p>El doctor Juli\u00e1n Bibolini, m\u00e9dico infect\u00f3logo e integrante del Consejo de Atenci\u00f3n Integral de la Emergencia COVID-19, aludi\u00f3 al nuevo escenario de normalidad tras los embates de la pandemia, haciendo hincapi\u00e9 en la importancia de la vacunaci\u00f3n.&nbsp;<\/p>\n\n\n\n<p>\u201cEstamos muy contentos porque se est\u00e1n presentando muy pocos casos en Formosa, en forma espor\u00e1dica. Ojal\u00e1 nos mantengamos as\u00ed, no s\u00f3lo en nuestra provincia, sino tambi\u00e9n en el pa\u00eds\u201d, subray\u00f3 el especialista en declaraciones a <strong>AGENFOR.<\/strong>&nbsp;<\/p>\n\n\n\n<p>Hizo notar que el contexto epidemiol\u00f3gico actual se debe a \u201ctodo el trabajo que se hizo previamente y a las medidas que se tomaron como el distanciamiento social, el uso del barbijo y los protocolos existentes, a lo que se suma la pata fundamental que es la vacunaci\u00f3n\u201d.&nbsp;<\/p>\n\n\n\n<p>\u201cA nivel mundial, la vacuna ha demostrado efectivamente que tiene su impacto positivo no s\u00f3lo disminuyendo la posibilidad de contagio, sino tambi\u00e9n haciendo descender masivamente los casos y cortando la transmisi\u00f3n del virus\u201d, realz\u00f3, mencionando adem\u00e1s el retraso del ingreso de la variante Delta al territorio provincial.&nbsp;<\/p>\n\n\n\n<p>Respecto esto \u00faltimo, estim\u00f3 que \u201cprobablemente llegue, pero en un n\u00famero de contagiados muy bajo\u201d.&nbsp;<\/p>\n\n\n\n<p>\u201cQuiz\u00e1s en alg\u00fan momento pueda llegar, no decimos que no, pero creemos que se va a mantener en este rango de casos positivos\u201d, abund\u00f3.&nbsp;<\/p>\n\n\n\n<p>A su vez, puso de resalto que \u201cestamos a punto\u201d de alcanzar la inmunidad de reba\u00f1o. \u201cOjal\u00e1 que sea el \u2018touch\u00e9\u2019 de esta pandemia y desaparezca todo\u201d, ansi\u00f3.&nbsp;&nbsp;<\/p>\n\n\n\n<p><strong>Vacunaci\u00f3n pedi\u00e1trica&nbsp;<\/strong><\/p>\n\n\n\n<p>Sobre la vacuna pedi\u00e1trica que ya aplica en ni\u00f1os y ni\u00f1as de tres a once a\u00f1os en Formosa, se\u00f1al\u00f3 a esta Agencia que \u201ccuando se lanza algo nuevo, siempre aparece alguien que quiere hacer l\u00edo o generar cierta incertidumbre\u201d, no obstante, acentu\u00f3 que \u201cdetr\u00e1s de todo lo que est\u00e1 haciendo realmente hay un equipo inmenso, no es una sola persona, est\u00e1n todas las sociedades cient\u00edficas que apoyan esto y lo respaldan como la Sociedad Argentina de Pediatr\u00eda (SAP)\u201d.&nbsp;<\/p>\n\n\n\n<p>\u201cHoy no hay ninguna sociedad de profesionales m\u00e9dicos que va a contraindicar la vacuna en este grupo de ni\u00f1os y ni\u00f1as ni en ning\u00fan otro grupo etario o cualquier vacuna\u201d, dej\u00f3 en claro el especialista.&nbsp;<\/p>\n\n\n\n<p>Y recalc\u00f3 que \u201ctodas las vacunas que est\u00e1n aplic\u00e1ndose en la Argentina son efectivas y seguras\u201d, por lo cual \u201cnuestra recomendaci\u00f3n es su utilizaci\u00f3n\u201d como forma de protecci\u00f3n de la poblaci\u00f3n.&nbsp;<\/p>\n\n\n\n<p>\u201cFormosa es una de las provincias que mejor ha vacunado, porque r\u00e1pidamente la primera dosis lleg\u00f3 a un alto porcentaje, m\u00e1s del 90%\u201d, destac\u00f3 el doctor Bibolini.&nbsp;<\/p>\n\n\n\n<p>\u201cEstamos muy contentos porque cerca del 52% de toda la poblaci\u00f3n ya tiene las dos dosis, es decir m\u00e1s de la mitad, y eso es muy importante. Sin bien todav\u00eda falta, estamos muy bien\u201d, finaliz\u00f3.&nbsp;<\/p>\n","protected":false},"excerpt":{"rendered":"<p>El doctor Juli\u00e1n Bibolini, m\u00e9dico infect\u00f3logo e integrante del Consejo de Atenci\u00f3n Integral de la Emergencia COVID-19, aludi\u00f3 al nuevo escenario de normalidad tras los embates de la pandemia, haciendo hincapi\u00e9 en la importancia de la vacunaci\u00f3n.&nbsp; \u201cEstamos muy contentos porque se est\u00e1n presentando muy pocos casos en Formosa, en forma espor\u00e1dica. Ojal\u00e1 nos mantengamos [&hellip;]<\/p>\n","protected":false},"author":11,"featured_media":53869,"comment_status":"closed","ping_status":"closed","sticky":false,"template":"","format":"standard","meta":{"footnotes":""},"categories":[12],"tags":[],"class_list":["post-53864","post","type-post","status-publish","format-standard","has-post-thumbnail","hentry","category-salud"],"_links":{"self":[{"href":"http:\/\/informeformosa.com.ar\/index.php?rest_route=\/wp\/v2\/posts\/53864","targetHints":{"allow":["GET"]}}],"collection":[{"href":"http:\/\/informeformosa.com.ar\/index.php?rest_route=\/wp\/v2\/posts"}],"about":[{"href":"http:\/\/informeformosa.com.ar\/index.php?rest_route=\/wp\/v2\/types\/post"}],"author":[{"embeddable":true,"href":"http:\/\/informeformosa.com.ar\/index.php?rest_route=\/wp\/v2\/users\/11"}],"replies":[{"embeddable":true,"href":"http:\/\/informeformosa.com.ar\/index.php?rest_route=%2Fwp%2Fv2%2Fcomments&post=53864"}],"version-history":[{"count":1,"href":"http:\/\/informeformosa.com.ar\/index.php?rest_route=\/wp\/v2\/posts\/53864\/revisions"}],"predecessor-version":[{"id":53870,"href":"http:\/\/informeformosa.com.ar\/index.php?rest_route=\/wp\/v2\/posts\/53864\/revisions\/53870"}],"wp:featuredmedia":[{"embeddable":true,"href":"http:\/\/informeformosa.com.ar\/index.php?rest_route=\/wp\/v2\/media\/53869"}],"wp:attachment":[{"href":"http:\/\/informeformosa.com.ar\/index.php?rest_route=%2Fwp%2Fv2%2Fmedia&parent=53864"}],"wp:term":[{"taxonomy":"category","embeddable":true,"href":"http:\/\/informeformosa.com.ar\/index.php?rest_route=%2Fwp%2Fv2%2Fcategories&post=53864"},{"taxonomy":"post_tag","embeddable":true,"href":"http:\/\/informeformosa.com.ar\/index.php?rest_route=%2Fwp%2Fv2%2Ftags&post=53864"}],"curies":[{"name":"wp","href":"https:\/\/api.w.org\/{rel}","templated":true}]}}