{"id":53859,"date":"2021-10-13T22:11:27","date_gmt":"2021-10-14T01:11:27","guid":{"rendered":"http:\/\/informeformosa.com.ar\/?p=53859"},"modified":"2021-10-13T22:11:29","modified_gmt":"2021-10-14T01:11:29","slug":"bibolini-confirmo-que-los-ninos-de-12-anos-seran-vacunados-contra-el-covid-19-con-las-vacunas-pfizer-o-moderna","status":"publish","type":"post","link":"http:\/\/informeformosa.com.ar\/?p=53859","title":{"rendered":"Bibolini confirm\u00f3 que los ni\u00f1os de 12 a\u00f1os ser\u00e1n vacunados contra el COVID-19 con las vacunas Pfizer o Moderna"},"content":{"rendered":"\n<p>El \u00faltimo anuncio de vacunaci\u00f3n a ni\u00f1os y ni\u00f1as menores de edad no incluy\u00f3 a la franja etaria de los 12 a\u00f1os, lo que trajo preocupaci\u00f3n en la sociedad. Al respecto, en di\u00e1logo exclusivo con <strong>AGENFOR<\/strong> el doctor Juli\u00e1n Bibolini, m\u00e9dico infect\u00f3logo e integrante del Consejo de Atenci\u00f3n Integral de la Emergencia COVID-19, llev\u00f3 tranquilidad confirmando que \u201cser\u00e1n vacunados contra el COVID-19 con las vacunas Pfizer o Moderna\u201d.&nbsp;<\/p>\n\n\n\n<p>\u201cSe ha priorizado la vacuna Sinopharm para la franja etaria entre 3 y 11 a\u00f1os porque ellos no pueden recibir otra. Por eso no queremos ocuparla para los de 12 a\u00f1os porque estar\u00edamos sac\u00e1ndole la oportunidad a los otros ni\u00f1os\u201d, explic\u00f3.&nbsp;<\/p>\n\n\n\n<p>En este sentido, agreg\u00f3 que se est\u00e1 esperando un nuevo stock de estas vacunas (Pfizer y Moderna) para lanzar los operativos de inmunizaci\u00f3n correspondientes a dicha franja etaria.&nbsp;&nbsp;<\/p>\n\n\n\n<p>Por otra parte, puso en resalto la importancia social que tiene la inoculaci\u00f3n en la poblaci\u00f3n de menor edad.&nbsp;<\/p>\n\n\n\n<p>\u201cEstamos muy contentos porque empieza esta fase de vacunaci\u00f3n de ni\u00f1os entre 3 a 11 a\u00f1os\u201d, celebr\u00f3 e indic\u00f3 que por ahora las campa\u00f1as est\u00e1n avocadas a los ni\u00f1os y ni\u00f1as entre 5 a 11 a\u00f1os por la disponibilidad de vacunas.&nbsp;<\/p>\n\n\n\n<p>Adem\u00e1s, aclar\u00f3 que se eligi\u00f3 esta franja etaria porque es la que est\u00e1 asistiendo a clases. \u201cNecesitamos vacunar a este grupo porque es el que est\u00e1 concurriendo a la escuela y debemos tratar de llegar a la m\u00e1xima cantidad posible para brindarle cierta protecci\u00f3n\u201d, enfatiz\u00f3.&nbsp;<\/p>\n\n\n\n<p>En relaci\u00f3n a los requisitos para que los menores sean vacunados, inform\u00f3 que es obligatorio que sean acompa\u00f1ados por una persona mayor y el DNI del beneficiario.&nbsp;&nbsp;<\/p>\n\n\n\n<p><strong>Estatus sanitario&nbsp;<\/strong><\/p>\n\n\n\n<p>En otro orden, Bibolini puso en resalto la efectividad de la vacuna expresando que \u201ces el pilar fundamental que est\u00e1 siendo aplicado en el mundo y est\u00e1 demostrando buenos resultados,\u201d, agregando que el cuidado personal, como el uso correcto del barbijo y el distanciamiento social, tambi\u00e9n ayud\u00f3.&nbsp;<\/p>\n\n\n\n<p>\u201cSon medidas importantes, pero que por s\u00ed solas no iban terminar de resolver el problema\u201d, robusteci\u00f3 ante esta Agencia y asever\u00f3: \u201cPor decirlo y seg\u00fan los datos epidemiol\u00f3gicos mundiales, la inmunizaci\u00f3n es el fin del problema, ya que hasta ahora nos est\u00e1 demostrando que con la vacuna, m\u00e1s el cuidado personal, probablemente se llegue el fin de la pandemia. Probablemente\u201d, insisti\u00f3.&nbsp;<\/p>\n\n\n\n<p>A modo de ejemplo, manifest\u00f3: \u00abSupongamos que en el resto de nuestras vidas se contin\u00faen presentando uno, dos, nueve o diez casos por d\u00eda, es un n\u00famero muy peque\u00f1o que, desde el punto de vista del sistema de salud, puede ser manejado. Entonces, si esto es as\u00ed, es un \u00e9xito. Seguiremos teniendo precauci\u00f3n y haremos campa\u00f1as de prevenci\u00f3n, como se hace con la gripe o neumon\u00eda com\u00fan, es decir, ser\u00e1 otra patolog\u00eda m\u00e1s que se agrega\u201d.<\/p>\n\n\n\n<p><strong>El contagio y la oposici\u00f3n<\/strong><\/p>\n\n\n\n<p>En otro orden, remarc\u00f3 que \u201csi hubi\u00e9semos aplicado la pol\u00edtica que nos propuso la oposici\u00f3n, la liberaci\u00f3n como hablan ellos, desde el principio hubi\u00e9semos tenido mil fallecidos, realmente hubiese sido una cat\u00e1strofe\u201d, repudi\u00f3 contundente.&nbsp;<\/p>\n\n\n\n<p>Y se pregunt\u00f3: \u00bfQu\u00e9 hubiese pasado si realmente nos daban el tiempo necesario para tener la cantidad de vacunas por lo menos para los adultos mayores?\u201d y denunci\u00f3 que al tomar la oposici\u00f3n la actitud contraria a las medidas sanitarias vigentes \u201ctodav\u00eda no se hab\u00eda llegado ni siquiera a un porcentaje significativo de vacunaci\u00f3n a personas de 60 a\u00f1os en adelante\u201d.<\/p>\n\n\n\n<p><strong>Tercera dosis&nbsp;<\/strong><\/p>\n\n\n\n<p>Para finalizar, el doctor Bibolini expres\u00f3 que \u201cse est\u00e1 evaluando la firme posibilidad de aplicar una tercera dosis a una determinada franja etaria con factores de riesgo\u201d.&nbsp;<\/p>\n\n\n\n<p>\u201cNo estamos diciendo para hacerlo ma\u00f1ana o pasado, primero se tiene que terminar con la segunda dosis a la poblaci\u00f3n y una vez que esto est\u00e9 consolidado se va a pensar en esa tercera dosis\u201d, explic\u00f3.&nbsp;<\/p>\n\n\n\n<p>Y concluy\u00f3 puntualizando que por la experiencia en otros pa\u00edses del mundo se arrancar\u00e1 de manera similar como se hizo con la primera inoculaci\u00f3n, buscando a las personas con factores de riesgo o a aquellas cuyo sistema inmunol\u00f3gico no tuvo buena respuesta a las dos dosis.<\/p>\n","protected":false},"excerpt":{"rendered":"<p>El \u00faltimo anuncio de vacunaci\u00f3n a ni\u00f1os y ni\u00f1as menores de edad no incluy\u00f3 a la franja etaria de los 12 a\u00f1os, lo que trajo preocupaci\u00f3n en la sociedad. Al respecto, en di\u00e1logo exclusivo con AGENFOR el doctor Juli\u00e1n Bibolini, m\u00e9dico infect\u00f3logo e integrante del Consejo de Atenci\u00f3n Integral de la Emergencia COVID-19, llev\u00f3 tranquilidad [&hellip;]<\/p>\n","protected":false},"author":11,"featured_media":53871,"comment_status":"closed","ping_status":"closed","sticky":false,"template":"","format":"standard","meta":{"footnotes":""},"categories":[12],"tags":[],"class_list":["post-53859","post","type-post","status-publish","format-standard","has-post-thumbnail","hentry","category-salud"],"_links":{"self":[{"href":"http:\/\/informeformosa.com.ar\/index.php?rest_route=\/wp\/v2\/posts\/53859","targetHints":{"allow":["GET"]}}],"collection":[{"href":"http:\/\/informeformosa.com.ar\/index.php?rest_route=\/wp\/v2\/posts"}],"about":[{"href":"http:\/\/informeformosa.com.ar\/index.php?rest_route=\/wp\/v2\/types\/post"}],"author":[{"embeddable":true,"href":"http:\/\/informeformosa.com.ar\/index.php?rest_route=\/wp\/v2\/users\/11"}],"replies":[{"embeddable":true,"href":"http:\/\/informeformosa.com.ar\/index.php?rest_route=%2Fwp%2Fv2%2Fcomments&post=53859"}],"version-history":[{"count":1,"href":"http:\/\/informeformosa.com.ar\/index.php?rest_route=\/wp\/v2\/posts\/53859\/revisions"}],"predecessor-version":[{"id":53872,"href":"http:\/\/informeformosa.com.ar\/index.php?rest_route=\/wp\/v2\/posts\/53859\/revisions\/53872"}],"wp:featuredmedia":[{"embeddable":true,"href":"http:\/\/informeformosa.com.ar\/index.php?rest_route=\/wp\/v2\/media\/53871"}],"wp:attachment":[{"href":"http:\/\/informeformosa.com.ar\/index.php?rest_route=%2Fwp%2Fv2%2Fmedia&parent=53859"}],"wp:term":[{"taxonomy":"category","embeddable":true,"href":"http:\/\/informeformosa.com.ar\/index.php?rest_route=%2Fwp%2Fv2%2Fcategories&post=53859"},{"taxonomy":"post_tag","embeddable":true,"href":"http:\/\/informeformosa.com.ar\/index.php?rest_route=%2Fwp%2Fv2%2Ftags&post=53859"}],"curies":[{"name":"wp","href":"https:\/\/api.w.org\/{rel}","templated":true}]}}