{"id":53853,"date":"2021-10-12T12:17:00","date_gmt":"2021-10-12T15:17:00","guid":{"rendered":"http:\/\/informeformosa.com.ar\/?p=53853"},"modified":"2021-10-13T00:20:43","modified_gmt":"2021-10-13T03:20:43","slug":"insfran-inauguro-unidades-educativas-viviendas-e-infraestructura-vial-en-clorinda","status":"publish","type":"post","link":"http:\/\/informeformosa.com.ar\/?p=53853","title":{"rendered":"Insfr\u00e1n inaugur\u00f3 unidades educativas,  viviendas e infraestructura vial en Clorinda"},"content":{"rendered":"\n<p><em>En una jornada importante para la segunda ciudad, el gobernador Gildo Insfr\u00e1n dej\u00f3 habilitadas unidades educativas y sociales, entreg\u00f3 64 viviendas e inaugur\u00f3 el nuevo Puente Ca\u00ed, sobre el riacho El Porte\u00f1o. Realiz\u00f3 importantes anuncios de m\u00e1s obras, entre las que se destacan el proyecto para que la Autov\u00eda llegue hasta Clorinda.<\/em><\/p>\n\n\n\n<p>Al llegar fue recibido por el intendente Manuel Celauro, participaron adem\u00e1s la senadora Mar\u00eda Teresa Gonz\u00e1lez, los diputados nacionales Graciela Parola, Ramiro Fern\u00e1ndez Patri, diputados provinciales, ministros, secretarios, subsecretarios y directores del Poder Ejecutivo, entre otras autoridades.<\/p>\n\n\n\n<p>La jornada comenz\u00f3 con la inauguraci\u00f3n de las obras de refacci\u00f3n y ampliaci\u00f3n del complejo educativo conformado por la Escuela Primaria N\u00b0169 y el JIN N\u00b027 del barrio \u201cSoldado Jos\u00e9 Coronel\u201d, ex Garcete Cu\u00e9, en el ingreso a la ciudad; continu\u00f3 con la inauguraci\u00f3n de pavimentaci\u00f3n de 200 metros en la calle C\u00f3rdoba entre Libertad e Italia.<\/p>\n\n\n\n<p>Seguidamente Insfr\u00e1n dej\u00f3 inaugurado el hist\u00f3rico Puente Ca\u00ed sobre el riacho El Porte\u00f1o, una obra muy aguardada por los vecinos de Clorinda, enclavada en el ejido urbano, en el l\u00edmite norte sobre la Avenida Belgrano.&nbsp;<\/p>\n\n\n\n<p>El puente atraviesa al riacho El Porte\u00f1o vinculando las dos m\u00e1rgenes que pertenecen al mismo barrio denominado \u201cPorte\u00f1o Sur\u201d, all\u00ed estaba emplazado un puente de madera dura aserrada, cuya capacidad se vio ampliamente superada por el volumen actual de tr\u00e1nsito, adem\u00e1s el nivel del tablero del puente era sobrepasado ocasionalmente por la crecida del riacho \u201cEl Porte\u00f1o\u201d.&nbsp;<\/p>\n\n\n\n<p>Seg\u00fan explic\u00f3 la Direcci\u00f3n Provincial de Vialidad el puente fue retirado para la construcci\u00f3n del actual, en hormig\u00f3n armado. Las obras incluyeron trabajos complementarios.<\/p>\n\n\n\n<p><strong>Porte\u00f1o Norte y El Porte\u00f1o<\/strong><\/p>\n\n\n\n<p>La jornada avanz\u00f3 con la inauguraci\u00f3n del nuevo edificio escolar para el JIN N\u00b014 del barrio Porte\u00f1o Norte, con tres salas, un bloque de sanitarios, dep\u00f3sito, sala de m\u00e1quinas, cocina, galer\u00eda, sector de juegos infantiles, play\u00f3n de formaci\u00f3n, tanque elevado, cisterna, cerco perimetral y mobiliario completo.<\/p>\n\n\n\n<p>All\u00ed comparti\u00f3 con los jardineritos una breve obra de t\u00edteres, y los ni\u00f1os le mostraron c\u00f3mo utilizaban las tablets, que entreg\u00f3 tambi\u00e9n el gobierno.<\/p>\n\n\n\n<p>En la oportunidad, en el barrio El Porte\u00f1o tambi\u00e9n fue habilitado el Centro Integrador Comunitario (CIC), que estar\u00e1 a disposici\u00f3n de la ciudadan\u00eda para distintas actividades, como guarder\u00eda, talleres de computaci\u00f3n, atenci\u00f3n de salud. Esta obra hab\u00eda sido paralizada durante el gobierno de Mauricio Macri y pudo ser reactivada, y entregada.<\/p>\n\n\n\n<p><strong>Viviendas<\/strong><\/p>\n\n\n\n<p>Finalizando la jornada, el primer mandatario encabez\u00f3 el acto de adjudicaci\u00f3n de 64 viviendas en el barrio \u201cIntendente Dr. Pedro Euclides Insfr\u00e1n\u201d en las calles Pancho Bogar\u00edn y Doctor Floro Eleuterio Bogado.<\/p>\n\n\n\n<p>Antes de la entrega, Gobierno y Municipio firmaron convenios para la pavimentaci\u00f3n de las calles Catamarca (inversi\u00f3n superior a $27 millones), Hertelendy (inversi\u00f3n superior a $31 millones), C\u00f3rdoba por (inversi\u00f3n superior a $27 millones),&nbsp; y dos cuadras de la avenida Roque Saenz Pe\u00f1a con una inversi\u00f3n de $29 millones.<\/p>\n\n\n\n<p>En el mismo acto, se firm\u00f3 el&nbsp; llamado a licitaci\u00f3n para la realizaci\u00f3n de la obra de pavimentaci\u00f3n, iluminaci\u00f3n, y desag\u00fces pluviales de calle Mendoza, desde Ruta 11 hasta la Costanera de Clorinda.&nbsp;<\/p>\n\n\n\n<p>Seguidamente las familias adjudicatarias recibieron las llaves de sus viviendas, en el momento m\u00e1s emotivo de la jornada.&nbsp;<\/p>\n\n\n\n<p>Al hablar ante los presentes, el intendente&nbsp; Manuel Celauro valor\u00f3 el recorrido inaugural realizado por el Gobernador, que culmin\u00f3 con la entrega de viviendas \u201ctan importante para las familias que hacen realidad el sue\u00f1o de la casa propia\u201d destacando que a pesar de estar viviendo \u201cun momento dif\u00edcil y de crisis\u201d debido a la pandemia del COVID19, el Gobernador \u201csigue inaugurando obras, mientras el Vicegobernador hace lo mismo en el oeste formose\u00f1o\u201d.<\/p>\n\n\n\n<p>\u201cCelebramos y festejamos estas obras como as\u00ed tambi\u00e9n la firma de estos convenios porque representan m\u00e1s progreso para la ciudad y trabajo para las familias de Clorinda\u201d se\u00f1al\u00f3.&nbsp;&nbsp;<\/p>\n\n\n\n<p>Adem\u00e1s, record\u00f3 que la oposici\u00f3n lleg\u00f3 a Clorinda en uno de los momentos m\u00e1s dif\u00edciles de la pandemia, rompiendo el estatus sanitario y logrando \u201cm\u00e1s de 172 clorindenses fallecidos a causa del coronavirus\u201d y manifest\u00f3 que \u201choy todos ellos son candidatos que se abusaron de la confianza y dolor de nuestro pueblo\u201d.&nbsp;<\/p>\n\n\n\n<p>Celauro asever\u00f3 que el gobierno provincial a partir de una planificaci\u00f3n acertada pudo hacer frente a la situaci\u00f3n epidemiol\u00f3gica priorizando el avance de la vacunaci\u00f3n y por eso \u201cel pr\u00f3ximo 14 de noviembre los clorindenses vamos a tener memoria, recordando a quienes siempre estuvieron, diciendo no a los oportunistas\u201d expres\u00f3.<\/p>\n\n\n\n<p>Y agreg\u00f3 que en las elecciones generales se \u201cratificar\u00e1 la conducci\u00f3n de Gildo Insfr\u00e1n, apoyando y llevando a los candidatos a diputados nacionales, provinciales y concejales municipales al triunfo del Frente de Todos\u201d.<\/p>\n\n\n\n<p><strong>La casa propia<\/strong><\/p>\n\n\n\n<p>En ese contexto el titular del IPV (Instituto Provincial de la Vivienda) Marcelo Ugelli, expres\u00f3 que \u201cesta tarde de inauguraciones se da en el marco del modelo del justicialismo que promuevo el gobernador Gildo Insfr\u00e1n, que sigue dando derechos a la gente, en este caso de acceder a la casa propia\u201d.<\/p>\n\n\n\n<p>Indic\u00f3 que estas corresponden a las \u00faltimas 64 de 232 viviendas que forman parte de este barrio, que fueron entregadas en distintas etapas. Destac\u00f3 que \u201cfueron hechas con todo el esfuerzo, porque estas casas se financiaron con fondos provinciales\u201d.&nbsp;<\/p>\n\n\n\n<p>Adem\u00e1s, detall\u00f3 que los terrenos son de 10&#215;25 metros que incluyen dos dormitorios, comedor, cocina, lavadero, patio y servicio infraestructurales, como ser cloacas, red de agua, red el\u00e9ctrica, alumbrado p\u00fablico, veredas comunitarias, ripio con pol\u00edmero y desag\u00fces con zanjeo.<\/p>\n\n\n\n<p><strong>Testimonios&nbsp;<\/strong><\/p>\n\n\n\n<p>Al tomar contacto con la Agencia de Noticias Formosa (<strong>Agenfor<\/strong>) Gladis Gim\u00e9nez, adjudicataria se\u00f1al\u00f3: \u201ces un d\u00eda muy importante para m\u00ed, mi hija y nieto, vamos a recibir nuestra casa, un sue\u00f1o anhelado. Estamos felices, porque vamos a tener nuestra propia vivienda\u201d.<\/p>\n\n\n\n<p>En igual sentido se pronunci\u00f3 el vecino Rub\u00e9n Roa: \u201cTengo un agradecimiento muy especial para el gobernador, por darnos la posibilidad de tener una casa propia para nuestra familia, por hacernos cumplir este sue\u00f1o, estoy tan emocionado\u201d.<\/p>\n\n\n\n<p>Finalmente Elena Barreto: \u201cEspere mucho con ansias, no puedo creer lo que estamos viviendo, tengo un agradecimiento total para el gobernador, el intendente y tambi\u00e9n para Ariel Caniza. Todav\u00eda no podemos creer, ya nos vamos a cambiar esta misma noche\u201d cont\u00f3.<\/p>\n","protected":false},"excerpt":{"rendered":"<p>En una jornada importante para la segunda ciudad, el gobernador Gildo Insfr\u00e1n dej\u00f3 habilitadas unidades educativas y sociales, entreg\u00f3 64 viviendas e inaugur\u00f3 el nuevo Puente Ca\u00ed, sobre el riacho El Porte\u00f1o. Realiz\u00f3 importantes anuncios de m\u00e1s obras, entre las que se destacan el proyecto para que la Autov\u00eda llegue hasta Clorinda. Al llegar fue [&hellip;]<\/p>\n","protected":false},"author":11,"featured_media":53855,"comment_status":"closed","ping_status":"closed","sticky":false,"template":"","format":"standard","meta":{"footnotes":""},"categories":[11],"tags":[],"class_list":["post-53853","post","type-post","status-publish","format-standard","has-post-thumbnail","hentry","category-interior"],"_links":{"self":[{"href":"http:\/\/informeformosa.com.ar\/index.php?rest_route=\/wp\/v2\/posts\/53853","targetHints":{"allow":["GET"]}}],"collection":[{"href":"http:\/\/informeformosa.com.ar\/index.php?rest_route=\/wp\/v2\/posts"}],"about":[{"href":"http:\/\/informeformosa.com.ar\/index.php?rest_route=\/wp\/v2\/types\/post"}],"author":[{"embeddable":true,"href":"http:\/\/informeformosa.com.ar\/index.php?rest_route=\/wp\/v2\/users\/11"}],"replies":[{"embeddable":true,"href":"http:\/\/informeformosa.com.ar\/index.php?rest_route=%2Fwp%2Fv2%2Fcomments&post=53853"}],"version-history":[{"count":1,"href":"http:\/\/informeformosa.com.ar\/index.php?rest_route=\/wp\/v2\/posts\/53853\/revisions"}],"predecessor-version":[{"id":53856,"href":"http:\/\/informeformosa.com.ar\/index.php?rest_route=\/wp\/v2\/posts\/53853\/revisions\/53856"}],"wp:featuredmedia":[{"embeddable":true,"href":"http:\/\/informeformosa.com.ar\/index.php?rest_route=\/wp\/v2\/media\/53855"}],"wp:attachment":[{"href":"http:\/\/informeformosa.com.ar\/index.php?rest_route=%2Fwp%2Fv2%2Fmedia&parent=53853"}],"wp:term":[{"taxonomy":"category","embeddable":true,"href":"http:\/\/informeformosa.com.ar\/index.php?rest_route=%2Fwp%2Fv2%2Fcategories&post=53853"},{"taxonomy":"post_tag","embeddable":true,"href":"http:\/\/informeformosa.com.ar\/index.php?rest_route=%2Fwp%2Fv2%2Ftags&post=53853"}],"curies":[{"name":"wp","href":"https:\/\/api.w.org\/{rel}","templated":true}]}}